{"id":73769,"date":"2024-10-24T14:42:00","date_gmt":"2024-10-24T20:42:00","guid":{"rendered":"https:\/\/zonaroja.com.mx\/?p=73769"},"modified":"2024-10-24T09:48:53","modified_gmt":"2024-10-24T15:48:53","slug":"opinion-del-inai-al-panuelo-blanco","status":"publish","type":"post","link":"https:\/\/zonaroja.com.mx\/?p=73769","title":{"rendered":"Opini\u00f3n. Del INAI al pa\u00f1uelo blanco"},"content":{"rendered":"\n<p>N\u00e9stor Y, S\u00e1nchez Islas.<\/p>\n\n\n\n<p>El camino que est\u00e1 siguiendo la presidenta es el que le se\u00f1al\u00f3 AMLO. No minti\u00f3, siempre afirm\u00f3 que seguir\u00eda con sus obras, su movimiento, su estilo de gobierno y la demolici\u00f3n de las instituciones democr\u00e1ticas del pa\u00eds.<\/p>\n\n\n\n<p>La muerte del Instituto Nacional de Acceso a la Informaci\u00f3n, INAI, se anunci\u00f3 desde el 5 de febrero pasado. En los hechos significa que pasaremos de un acceso institucional a la informaci\u00f3n&nbsp;al enga\u00f1o de&nbsp;las certezas morales simbolizadas en un pa\u00f1uelito blanco cuando nos digan que ya no hay corrupci\u00f3n. El retroceso&nbsp;democr\u00e1tico&nbsp;es evidente.<\/p>\n\n\n\n<p>La funci\u00f3n y raz\u00f3n de ser de los pol\u00edticos es la lucha por el poder;&nbsp;es mejor&nbsp;para ellos&nbsp;cuando logran el poder absoluto. En este contexto y en el de la concentraci\u00f3n&nbsp;de \u00e9ste&nbsp;es que se da la demolici\u00f3n institucional del pa\u00eds que, en caso de&nbsp;concretarse&nbsp;derivar\u00eda en un autoritarismo del tipo democracia popular, pero desde la definici\u00f3n trotskista de democracia, que es la dictadura del proletariado.&nbsp;La finalidad no es otra que conservar el poder para&nbsp;enriquecer a&nbsp;la nueva elite pol\u00edtica y empresarial que est\u00e1 en construcci\u00f3n.<\/p>\n\n\n\n<p>La concentraci\u00f3n del poder no es nueva en M\u00e9xico, pr\u00e1cticamente durante todo el siglo XX la vivimos a trav\u00e9s del r\u00e9gimen de la revoluci\u00f3n que, en los hechos, es el padre de este modo populista de gobierno.<\/p>\n\n\n\n<p>La corta historia del INAI est\u00e1 ligada a Oaxaca. Fue en 2003 durante el gobierno de Vicente Fox que surgi\u00f3 la&nbsp;\u201cDeclaraci\u00f3n Oaxaca\u201d, de un grupo conformado por acad\u00e9micos y periodistas, al que se llam\u00f3&nbsp;\u201cGrupo Oaxaca\u201d, demandando hacer realidad lo escrito en la Constituci\u00f3n en 1977 bajo el gobierno de Jos\u00e9 L\u00f3pez Portillo en cuanto al derecho a la informaci\u00f3n. Tuvieron que pasar 26 a\u00f1os, cuatro presidentes, para que se&nbsp;creara&nbsp;la ley&nbsp;y una instituci\u00f3n&nbsp;aut\u00f3noma&nbsp;del&nbsp;ejecutivo&nbsp;para garantizar al ciudadano que el gobierno cumpliera con la&nbsp;transparencia.<\/p>\n\n\n\n<p>La iniciativa no surgi\u00f3 en Oaxaca, pero fue aqu\u00ed de donde fue suscrita por una serie de acad\u00e9micos de universidades p\u00fablicas y privadas y por m\u00e1s de cien peri\u00f3dicos en ese momento.&nbsp;Estuvieron de acuerdo con la creaci\u00f3n de dicho instituto&nbsp;en 2003&nbsp;quienes hoy desde el oficialismo justifican su desaparici\u00f3n. Uno de ellos es Jenaro Villamil.<\/p>\n\n\n\n<p>Una instituci\u00f3n de acceso a la informaci\u00f3n independiente es indispensable en un r\u00e9gimen democr\u00e1tico, como lo es la libertad de prensa. El acceso a la informaci\u00f3n quedar\u00e1 supeditado a la superioridad moral de quien hoy es due\u00f1a del pa\u00f1uelito blanco&nbsp;mientras&nbsp;la libertad de prensa est\u00e1 bajo ataque. El r\u00e9gimen no es tonto, dejar\u00e1 siempre una peque\u00f1a rendija abierta para tolerar cierto nivel de cr\u00edtica para simular democracia, pero en los hechos tratar\u00e1 de acallar las voces disidentes usando desde la publicidad oficial hasta la agresi\u00f3n directa&nbsp;contra la integridad de los periodistas.<\/p>\n\n\n\n<p>Hoy es normal saber cu\u00e1nto gana el presidente o de cu\u00e1nto son las reservas internacionales del Banco de M\u00e9xico, pero hubo un tiempo en que eso fue secreto de Estado, como lo era sabe cuanto gana un general o cu\u00e1nto cuestan las toallas de la casa presidencial. Esa informaci\u00f3n en manos de la gente de la calle es el contrapeso que el r\u00e9gimen quiere eliminar atacando al INAI y a la prensa como vocera de todo&nbsp;lo&nbsp;que el gobierno&nbsp;no quiere que se sepa.<\/p>\n\n\n\n<p>La transparencia es pilar de cualquier democracia. Solos dictaduras como Cuba o Corea del Norte guardan todo en secreto.&nbsp;Negar la informaci\u00f3n es limitar un derecho humano&nbsp;y constitucional. La opacidad es el caldo de cultivo de la corrupci\u00f3n que nos dice el pa\u00f1uelito&nbsp;blanco&nbsp;que ya no hay, sin&nbsp;embargo,&nbsp;el caso Segalmex sigue en la impunidad y&nbsp;tambi\u00e9n&nbsp;los sobrecostos&nbsp;de todas las obras fara\u00f3nicas del sexenio pasado.<\/p>\n\n\n\n<p>No&nbsp;deben&nbsp;crearse pol\u00edticas gobierno sobre certezas morales. Asumiendo posturas filos\u00f3ficas kantianas o del utilitarismo sostienen que su conducta es superior a la nuestra y solo terminan adoptando posturas excluyentes e intolerantes, como lo es el hecho de denigrar una y otra vez a quienes no pensamos ni nos comportamos igual a ellos. Disentir en un r\u00e9gimen totalitario es un delito, en un r\u00e9gimen democr\u00e1tico es un derecho.<\/p>\n\n\n\n<p>La certeza moral con que&nbsp;sustituyen&nbsp;el&nbsp;acceso a la informaci\u00f3n la&nbsp;sostienen&nbsp;con&nbsp;la invenci\u00f3n de narrativas oficiales que distorsionar\u00e1n la historia para favorecerlos&nbsp;y la propagan por la radio y Tv oficiales.Las certezas morales pueden&nbsp;utilizarlas&nbsp;para imponer una visi\u00f3n \u00fanica&nbsp;y&nbsp;silenciar&nbsp;voces cr\u00edticas con el fin de desmantelar a la sociedad civil organizada, que es la \u00fanica que puede disputarles el poder.&nbsp;La demolici\u00f3n de las instituciones y la colonizaci\u00f3n del poder judicial ser\u00e1n el fracaso de M\u00e9xico porque mientras aqu\u00ed se retrocede&nbsp;construyendo&nbsp;un r\u00e9gimen&nbsp;bananero&nbsp;el mundo&nbsp;avanza a toda velocidad.<\/p>\n\n\n\n<p>El pluralismo est\u00e1 bajo ataque y solo habr\u00e1 una verdad \u00fanica. El Estado de Derecho est\u00e1 en un hilo&nbsp;y con ello el posible intento futuro de controlar hasta nuestra vida privada.<\/p>\n\n\n\n<p><a href=\"mailto:nestoryuri@yahoo.com\">nestoryuri@yahoo.com<\/a><\/p>\n","protected":false},"excerpt":{"rendered":"<p>N\u00e9stor Y, S\u00e1nchez Islas. El camino que est\u00e1 siguiendo la presidenta es el que le&hellip;<\/p>\n","protected":false},"author":2,"featured_media":67897,"comment_status":"closed","ping_status":"open","sticky":false,"template":"","format":"standard","meta":{"_lmt_disableupdate":"","_lmt_disable":"","_jetpack_memberships_contains_paid_content":false,"footnotes":""},"categories":[456,109],"tags":[3050],"class_list":["post-73769","post","type-post","status-publish","format-standard","has-post-thumbnail","hentry","category-columna","category-minuto-a-minuto","tag-nestor-yuri-sanchez"],"jetpack_featured_media_url":"https:\/\/zonaroja.com.mx\/wp-content\/uploads\/2024\/05\/Opinion-Nestor-Yuri-Sanchez.jpeg","jetpack_sharing_enabled":true,"_links":{"self":[{"href":"https:\/\/zonaroja.com.mx\/index.php?rest_route=\/wp\/v2\/posts\/73769","targetHints":{"allow":["GET"]}}],"collection":[{"href":"https:\/\/zonaroja.com.mx\/index.php?rest_route=\/wp\/v2\/posts"}],"about":[{"href":"https:\/\/zonaroja.com.mx\/index.php?rest_route=\/wp\/v2\/types\/post"}],"author":[{"embeddable":true,"href":"https:\/\/zonaroja.com.mx\/index.php?rest_route=\/wp\/v2\/users\/2"}],"replies":[{"embeddable":true,"href":"https:\/\/zonaroja.com.mx\/index.php?rest_route=%2Fwp%2Fv2%2Fcomments&post=73769"}],"version-history":[{"count":1,"href":"https:\/\/zonaroja.com.mx\/index.php?rest_route=\/wp\/v2\/posts\/73769\/revisions"}],"predecessor-version":[{"id":73770,"href":"https:\/\/zonaroja.com.mx\/index.php?rest_route=\/wp\/v2\/posts\/73769\/revisions\/73770"}],"wp:featuredmedia":[{"embeddable":true,"href":"https:\/\/zonaroja.com.mx\/index.php?rest_route=\/wp\/v2\/media\/67897"}],"wp:attachment":[{"href":"https:\/\/zonaroja.com.mx\/index.php?rest_route=%2Fwp%2Fv2%2Fmedia&parent=73769"}],"wp:term":[{"taxonomy":"category","embeddable":true,"href":"https:\/\/zonaroja.com.mx\/index.php?rest_route=%2Fwp%2Fv2%2Fcategories&post=73769"},{"taxonomy":"post_tag","embeddable":true,"href":"https:\/\/zonaroja.com.mx\/index.php?rest_route=%2Fwp%2Fv2%2Ftags&post=73769"}],"curies":[{"name":"wp","href":"https:\/\/api.w.org\/{rel}","templated":true}]}}