{"id":73774,"date":"2024-10-24T12:17:11","date_gmt":"2024-10-24T18:17:11","guid":{"rendered":"https:\/\/zonaroja.com.mx\/?p=73774"},"modified":"2024-10-24T12:17:11","modified_gmt":"2024-10-24T18:17:11","slug":"inauguran-rehabilitacion-de-escalinatas-de-la-plaza-de-la-danza-en-la-capital","status":"publish","type":"post","link":"https:\/\/zonaroja.com.mx\/?p=73774","title":{"rendered":"Inauguran rehabilitaci\u00f3n de escalinatas de la Plaza de la Danza, en la capital&nbsp;"},"content":{"rendered":"\n<p class=\"s4\">Redacci\u00f3n\/Zona Roja.&nbsp;<\/p>\n\n\n\n<p class=\"s4\">Oaxaca de Ju\u00e1rez, Oax., a 24 de octubre del 2024.- El ayuntamiento de Oaxaca de Ju\u00e1rez, a trav\u00e9s de la Secretar\u00eda de Obras P\u00fablicas y Desarrollo Urbano, inaugur\u00f3 la obra de rehabilitaci\u00f3n de las escalinatas que dan acceso a la emblem\u00e1tica Plaza de la Danza, un espacio arquitect\u00f3nico y tur\u00edstico de gran importancia en la ciudad.<\/p>\n\n\n\n<p class=\"s4\">Durante el evento, el edil capitalino, Francisco Mart\u00ednez Neri, recalc\u00f3 la importancia de estos proyectos para reafirmar la esencia de Oaxaca, una ciudad viva, llena de tradiciones y lugares que son patrimonio mundial como las escalinatas.<\/p>\n\n\n\n<p class=\"s4\">\u201cEste espacio es extraordinario y es hermoso. Somos posesionarios de parte del Patrimonio Mundial de la Humanidad y lo menos que podemos hacer es conservarlo. Esta iniciativa forma parte de nuestro compromiso con Oaxaca de Ju\u00e1rez\u201d, dijo.&nbsp;<\/p>\n\n\n\n<p class=\"s4\">La obra tiene como objetivo no solo embellecer el \u00e1rea, sino tambi\u00e9n mejorar la seguridad y accesibilidad de los visitantes, ya que se llevaron a cabo importantes intervenciones en las escaleras y muros que rodean este sitio hist\u00f3rico.&nbsp;<\/p>\n\n\n\n<p class=\"s4\">Dichas mejoras incluyeron la colocaci\u00f3n de nuevos escalones de piedra cantera, pulido del piso para eliminar desgaste y suciedad acumulada por el paso del tiempo, y la instalaci\u00f3n de barandales de acero inoxidable para mayor seguridad.<\/p>\n\n\n\n<p class=\"s4\">Durante la ceremonia de entrega estuvieron presentes autoridades como &nbsp;Yvonne Denisse Arandia Valencia Secretaria de Obras P\u00fablicas y Desarrollo Urbano; Mario V\u00e1squez Murillo Presidente del Comit\u00e9 de Obra y Pavel Renato L\u00f3pez G\u00f3mez, Regidor de Obras P\u00fablicas y Desarrollo Urbano y de Centro Hist\u00f3rico, &nbsp;encabezadas por el Presidente Municipal, Francisco Mart\u00ednez Neri, quienes celebraron la culminaci\u00f3n de esta obra que beneficia directamente a las y los habitantes locales y a los miles de turistas que visitan Oaxaca cada a\u00f1o.<\/p>\n\n\n\n<p class=\"s4\">La secretaria de Obras P\u00fablicas y Desarrollo Urbano, Denisse Ivonne Arandia Valencia, se\u00f1al\u00f3 que esta obra no solamente consta de la restauraci\u00f3n, sino que tambi\u00e9n su rehabilitaci\u00f3n fue fundamental para conservar la belleza arquitect\u00f3nica de Oaxaca de Ju\u00e1rez.<\/p>\n\n\n\n<p class=\"s4\">\u201cEsta obra &nbsp;forma parte de un plan integral de recuperaci\u00f3n y conservaci\u00f3n del espacio hist\u00f3rico de la ciudad, con la finalidad de preservar el patrimonio cultural y, al mismo tiempo, mejorar la experiencia para quienes transitan, con accesibilidad universal\u201d.<\/p>\n\n\n\n<p class=\"s4\">Por su parte, Pavel Renato L\u00f3pez G\u00f3mez, Regidor de Obras P\u00fablicas y Desarrollo Urbano, subray\u00f3 que este tipo de acciones son esenciales para la conservaci\u00f3n del Centro Hist\u00f3rico y que adem\u00e1s beneficiar\u00e1 a cientos de personas que regularmente transitan por la zona.&nbsp;<\/p>\n\n\n\n<p class=\"s4\">El evento concluy\u00f3 con el tradicional corte de list\u00f3n, la toma de una fotograf\u00eda oficial y con la intervenci\u00f3n musical de la Tuna de la Universidad Regional del Sureste.<\/p>\n","protected":false},"excerpt":{"rendered":"<p>Redacci\u00f3n\/Zona Roja.&nbsp; Oaxaca de Ju\u00e1rez, Oax., a 24 de octubre del 2024.- El ayuntamiento de&hellip;<\/p>\n","protected":false},"author":2,"featured_media":73773,"comment_status":"closed","ping_status":"open","sticky":false,"template":"","format":"standard","meta":{"_lmt_disableupdate":"","_lmt_disable":"","_jetpack_memberships_contains_paid_content":false,"footnotes":""},"categories":[109,46],"tags":[],"class_list":["post-73774","post","type-post","status-publish","format-standard","has-post-thumbnail","hentry","category-minuto-a-minuto","category-zona-blanca"],"jetpack_featured_media_url":"https:\/\/zonaroja.com.mx\/wp-content\/uploads\/2024\/10\/Rehabilitacion-escalinatas-Plaza-de-la-Danza.jpeg","jetpack_sharing_enabled":true,"_links":{"self":[{"href":"https:\/\/zonaroja.com.mx\/index.php?rest_route=\/wp\/v2\/posts\/73774","targetHints":{"allow":["GET"]}}],"collection":[{"href":"https:\/\/zonaroja.com.mx\/index.php?rest_route=\/wp\/v2\/posts"}],"about":[{"href":"https:\/\/zonaroja.com.mx\/index.php?rest_route=\/wp\/v2\/types\/post"}],"author":[{"embeddable":true,"href":"https:\/\/zonaroja.com.mx\/index.php?rest_route=\/wp\/v2\/users\/2"}],"replies":[{"embeddable":true,"href":"https:\/\/zonaroja.com.mx\/index.php?rest_route=%2Fwp%2Fv2%2Fcomments&post=73774"}],"version-history":[{"count":1,"href":"https:\/\/zonaroja.com.mx\/index.php?rest_route=\/wp\/v2\/posts\/73774\/revisions"}],"predecessor-version":[{"id":73775,"href":"https:\/\/zonaroja.com.mx\/index.php?rest_route=\/wp\/v2\/posts\/73774\/revisions\/73775"}],"wp:featuredmedia":[{"embeddable":true,"href":"https:\/\/zonaroja.com.mx\/index.php?rest_route=\/wp\/v2\/media\/73773"}],"wp:attachment":[{"href":"https:\/\/zonaroja.com.mx\/index.php?rest_route=%2Fwp%2Fv2%2Fmedia&parent=73774"}],"wp:term":[{"taxonomy":"category","embeddable":true,"href":"https:\/\/zonaroja.com.mx\/index.php?rest_route=%2Fwp%2Fv2%2Fcategories&post=73774"},{"taxonomy":"post_tag","embeddable":true,"href":"https:\/\/zonaroja.com.mx\/index.php?rest_route=%2Fwp%2Fv2%2Ftags&post=73774"}],"curies":[{"name":"wp","href":"https:\/\/api.w.org\/{rel}","templated":true}]}}