{"id":73779,"date":"2024-10-24T20:06:34","date_gmt":"2024-10-25T02:06:34","guid":{"rendered":"https:\/\/zonaroja.com.mx\/?p=73779"},"modified":"2024-10-24T20:06:37","modified_gmt":"2024-10-25T02:06:37","slug":"impulsa-fiscalia-anticorrupcion-profesionalizacion-de-organos-internos-de-control","status":"publish","type":"post","link":"https:\/\/zonaroja.com.mx\/?p=73779","title":{"rendered":"Impulsa\u00a0Fiscal\u00eda Anticorrupci\u00f3n\u00a0profesionalizaci\u00f3n de \u00d3rganos Internos de Control"},"content":{"rendered":"\n<p>Redacci\u00f3n\/Zona Roja.<\/p>\n\n\n\n<p>Oaxaca de Ju\u00e1rez,&nbsp;Oax., a 24 de octubre de 2024.-&nbsp;Con el prop\u00f3sito de combatir la corrupci\u00f3n de manera efectiva&nbsp;y&nbsp;fortalecer&nbsp;los&nbsp;conocimientos de las y los servidores p\u00fablicos que integran los \u00d3rganos de Control Interno (OIC) de los ayuntamientos, la Fiscal\u00eda Especializada en Materia de Combate a la Corrupci\u00f3n, la Universidad Aut\u00f3noma Benito Ju\u00e1rez de Oaxaca (UABJO), a trav\u00e9s de la Facultad de Derecho y Ciencias Sociales de la UABJO y su Laboratorio Universitario de Estudios de Transparencia y Combate a la Corrupci\u00f3n&nbsp;(LABUETCO), convocan a participar en las Jornadas de Capacitaci\u00f3n para el Combate a la Corrupci\u00f3n a nivel municipal.<\/p>\n\n\n\n<p>Del 25 de noviembre al 19 de diciembre, las y los servidores p\u00fablicos podr\u00e1n conocer diversos temas para fortalecer la vinculaci\u00f3n interinstitucional, y la importancia de los OIC en el combate a la corrupci\u00f3n a nivel Municipal, entre otros temas m\u00e1s.<\/p>\n\n\n\n<p>Estas jornadas se desarrollar\u00e1n de forma regional, considerando cada una de las regiones del estado,&nbsp;para acercar los conocimientos a las y los servidores p\u00fablicos sin necesidad de desplazarse a la capital, dejando atr\u00e1s la centralizaci\u00f3n del conocimiento y llev\u00e1ndola a cada rinc\u00f3n del estado.&nbsp;<\/p>\n\n\n\n<p>La fiscal especializada&nbsp;en&nbsp;Materia de Combate a la Corrupci\u00f3n del Estado de Oaxaca, Karina Reyes \u00c1vila, junto a la&nbsp;Directora&nbsp;de la&nbsp;Facultad de Derecho y Ciencias Sociales,&nbsp;Roc\u00edo Mart\u00ednez&nbsp;Helmes, invitaron a participar en estas jornadas que&nbsp;tendr\u00e1n valor curricular avalada por la m\u00e1xima instituci\u00f3n educativa en Oaxaca.<\/p>\n\n\n\n<p>Las&nbsp;Jornadas de Capacitaci\u00f3n para el Combate a la Corrupci\u00f3n a nivel municipal&nbsp;se desarrollar\u00e1n de la siguiente manera:&nbsp;Sierra de Flores Mag\u00f3n, 25 de noviembre; Sierra Sur, 28 de noviembre; Sierra Ju\u00e1rez, 2 de diciembre; Mixteca, 5 de diciembre; Istmo de Tehuantepec, 9 de diciembre; Costa, 12 de diciembre; Cuenca del Papaloapan, 16 de diciembre; y Valles Centrales, 19 de diciembre.<\/p>\n\n\n\n<p>En su oportunidad,&nbsp;la&nbsp;Directora&nbsp;de la Facultad de Derecho y Ciencias Sociales,&nbsp;Roc\u00edo Mart\u00ednez&nbsp;Helmes,&nbsp;destac\u00f3 que estas&nbsp;Jornadas de Capacitaci\u00f3n para el Combate a la Corrupci\u00f3n a nivel municipal&nbsp;contar\u00e1 con la participaci\u00f3n de reconocidos ponentes del pa\u00eds, por lo que llam\u00f3 a no dejar pasar la oportunidad y formar parte de esta primera generaci\u00f3n de servidores p\u00fablicos profesionalizados en combate a la corrupci\u00f3n.<\/p>\n","protected":false},"excerpt":{"rendered":"<p>Redacci\u00f3n\/Zona Roja. Oaxaca de Ju\u00e1rez,&nbsp;Oax., a 24 de octubre de 2024.-&nbsp;Con el prop\u00f3sito de combatir&hellip;<\/p>\n","protected":false},"author":2,"featured_media":73780,"comment_status":"closed","ping_status":"open","sticky":false,"template":"","format":"standard","meta":{"_lmt_disableupdate":"","_lmt_disable":"","_jetpack_memberships_contains_paid_content":false,"footnotes":""},"categories":[109,46],"tags":[681],"class_list":["post-73779","post","type-post","status-publish","format-standard","has-post-thumbnail","hentry","category-minuto-a-minuto","category-zona-blanca","tag-fiscalia-anticorrupcion"],"jetpack_featured_media_url":"https:\/\/zonaroja.com.mx\/wp-content\/uploads\/2024\/10\/Convocatoria-Fiscalia-Anticorrupcion.jpg","jetpack_sharing_enabled":true,"_links":{"self":[{"href":"https:\/\/zonaroja.com.mx\/index.php?rest_route=\/wp\/v2\/posts\/73779","targetHints":{"allow":["GET"]}}],"collection":[{"href":"https:\/\/zonaroja.com.mx\/index.php?rest_route=\/wp\/v2\/posts"}],"about":[{"href":"https:\/\/zonaroja.com.mx\/index.php?rest_route=\/wp\/v2\/types\/post"}],"author":[{"embeddable":true,"href":"https:\/\/zonaroja.com.mx\/index.php?rest_route=\/wp\/v2\/users\/2"}],"replies":[{"embeddable":true,"href":"https:\/\/zonaroja.com.mx\/index.php?rest_route=%2Fwp%2Fv2%2Fcomments&post=73779"}],"version-history":[{"count":1,"href":"https:\/\/zonaroja.com.mx\/index.php?rest_route=\/wp\/v2\/posts\/73779\/revisions"}],"predecessor-version":[{"id":73781,"href":"https:\/\/zonaroja.com.mx\/index.php?rest_route=\/wp\/v2\/posts\/73779\/revisions\/73781"}],"wp:featuredmedia":[{"embeddable":true,"href":"https:\/\/zonaroja.com.mx\/index.php?rest_route=\/wp\/v2\/media\/73780"}],"wp:attachment":[{"href":"https:\/\/zonaroja.com.mx\/index.php?rest_route=%2Fwp%2Fv2%2Fmedia&parent=73779"}],"wp:term":[{"taxonomy":"category","embeddable":true,"href":"https:\/\/zonaroja.com.mx\/index.php?rest_route=%2Fwp%2Fv2%2Fcategories&post=73779"},{"taxonomy":"post_tag","embeddable":true,"href":"https:\/\/zonaroja.com.mx\/index.php?rest_route=%2Fwp%2Fv2%2Ftags&post=73779"}],"curies":[{"name":"wp","href":"https:\/\/api.w.org\/{rel}","templated":true}]}}