{"id":73782,"date":"2024-10-24T22:03:26","date_gmt":"2024-10-25T04:03:26","guid":{"rendered":"https:\/\/zonaroja.com.mx\/?p=73782"},"modified":"2024-10-24T22:03:33","modified_gmt":"2024-10-25T04:03:33","slug":"registra-monte-de-piedad-de-oaxaca-tres-denuncias-de-acoso-laboral","status":"publish","type":"post","link":"https:\/\/zonaroja.com.mx\/?p=73782","title":{"rendered":"Registra Monte de Piedad de Oaxaca tres denuncias de acoso laboral"},"content":{"rendered":"\n<p>Ismael Garc\u00eda M.\/Zona Roja.<\/p>\n\n\n\n<p>Oaxaca de Ju\u00e1rez, Oax., a 24 de octubre de 2024.- En menos de dos a\u00f1os, el director del Monte de Piedad del Estado de Oaxaca, Omar Juli\u00e1n Juli\u00e1n, suma en su contra tres casos de acoso laboral y un despido injustificado.<\/p>\n\n\n\n<p>Este martes, trabajadores sindicalizados de la oficina matriz, ubicada en el centro de la ciudad de Oaxaca, pararon labores para exigir soluci\u00f3n a diversas demandas laborales; de \u00faltima hora, la reuni\u00f3n convenida entre las partes fue pospuesta para ma\u00f1ana.<\/p>\n\n\n\n<p>De acuerdo con la representaci\u00f3n de los empleados de base, entre las exigencias se encuentra la soluci\u00f3n a dos casos de acoso laboral, en las sucursales de Ciudad Ixtepec y en el M\u00f3dulo Azul del Infonavit, en la capital.<\/p>\n\n\n\n<p>Y como se ha informado en diversas ocasiones, hace m\u00e1s de un a\u00f1o Magda Liliana Altamirano Calder\u00f3n denunci\u00f3 acoso laboral y despido injustificado de su puesto como gerente de una sucursal en la ciudad, caso que sigue sin ser resuelto.<\/p>\n\n\n\n<p>En conferencia de prensa este jueves, los trabajadores precisaron que de ninguna manera se trata de un paro de labores indefinido y las sucursales continuaban trabajando con normalidad; en la oficina matriz se realizar\u00eda con el director.<\/p>\n\n\n\n<p>\u201cLa base trabajadora est\u00e1 abierta al di\u00e1logo, a la comprensi\u00f3n y a la actitud del director de que cumpla con las peticiones sobre las carencias que hay en la instituci\u00f3n\u201d, recalc\u00f3 Ra\u00fal Alfredo Villegas Medina.<\/p>\n\n\n\n<p>Entre ellas se encuentra la falta de material de limpieza y oficinas en la mayor\u00eda de sucursales, as\u00ed como otros compromisos laborales<\/p>\n\n\n\n<p>\u201cSale una nota que nos estamos oponiendo a una revisi\u00f3n; no es as\u00ed, nosotros como compa\u00f1eros de base estamos dispuestos a que seamos revisados; los valuadores no tienen ning\u00fan tema porque para eso est\u00e1 la Unidad de Valuaci\u00f3n y no nos hemos opuesto a la revisi\u00f3n; solamente estamos pidiendo respeto\u201d, dijo la delegada Agustina Silva Aracely.<\/p>\n\n\n\n<p>Insistieron en que lo \u00fanico que quieren es que el director resuelva a la brevedad todos los planteamientos; no obstante, por la tarde se dio a conocer que la reuni\u00f3n fue pospuesta para ma\u00f1ana, por lo que se prev\u00e9 que contin\u00fae cerrada la oficina central.<\/p>\n\n\n\n<figure class=\"wp-block-embed is-type-rich is-provider-twitter wp-block-embed-twitter\"><div class=\"wp-block-embed__wrapper\">\n<div class=\"twitter-tweet\"><blockquote class=\"twitter-tweet\" data-lang=\"es\"><p lang=\"es\" dir=\"ltr\"><a href=\"https:\/\/twitter.com\/hashtag\/%C3%9AltimoMinuto?src=hash&amp;ref_src=twsrc%5Etfw\">#\u00daltimoMinuto<\/a><br>La representaci\u00f3n sindical de la Direcci\u00f3n del Monte de Piedad de Oaxaca (<a href=\"https:\/\/twitter.com\/MPiedad_GobOax?ref_src=twsrc%5Etfw\">@MPiedad_GobOax<\/a>) sale a precisar el cierre de la matriz ubicada en el centro de la ciudad de Oaxaca.<br><br>&#8211; Est\u00e1n a la espera de ser atendidos por el director Omar Juli\u00e1n, quien aseguran no ha\u2026 <a href=\"https:\/\/t.co\/x4ufQFVnQV\">pic.twitter.com\/x4ufQFVnQV<\/a><\/p>&mdash; Zona Roja Oaxaca (@ZonaRoja_Oaxaca) <a href=\"https:\/\/twitter.com\/ZonaRoja_Oaxaca\/status\/1849508503465099712?ref_src=twsrc%5Etfw\">24 de octubre de 2024<\/a><\/blockquote><\/div>\n<\/div><\/figure>\n","protected":false},"excerpt":{"rendered":"<p>Ismael Garc\u00eda M.\/Zona Roja. Oaxaca de Ju\u00e1rez, Oax., a 24 de octubre de 2024.- En&hellip;<\/p>\n","protected":false},"author":2,"featured_media":73783,"comment_status":"closed","ping_status":"open","sticky":false,"template":"","format":"standard","meta":{"_lmt_disableupdate":"","_lmt_disable":"","_jetpack_memberships_contains_paid_content":false,"footnotes":""},"categories":[109,47],"tags":[833],"class_list":["post-73782","post","type-post","status-publish","format-standard","has-post-thumbnail","hentry","category-minuto-a-minuto","category-zona-gris","tag-monte-de-piedad-del-estado-de-oaxaca"],"jetpack_featured_media_url":"https:\/\/zonaroja.com.mx\/wp-content\/uploads\/2024\/10\/Delegacion-Monte-de-Piedad.jpg","jetpack_sharing_enabled":true,"_links":{"self":[{"href":"https:\/\/zonaroja.com.mx\/index.php?rest_route=\/wp\/v2\/posts\/73782","targetHints":{"allow":["GET"]}}],"collection":[{"href":"https:\/\/zonaroja.com.mx\/index.php?rest_route=\/wp\/v2\/posts"}],"about":[{"href":"https:\/\/zonaroja.com.mx\/index.php?rest_route=\/wp\/v2\/types\/post"}],"author":[{"embeddable":true,"href":"https:\/\/zonaroja.com.mx\/index.php?rest_route=\/wp\/v2\/users\/2"}],"replies":[{"embeddable":true,"href":"https:\/\/zonaroja.com.mx\/index.php?rest_route=%2Fwp%2Fv2%2Fcomments&post=73782"}],"version-history":[{"count":1,"href":"https:\/\/zonaroja.com.mx\/index.php?rest_route=\/wp\/v2\/posts\/73782\/revisions"}],"predecessor-version":[{"id":73784,"href":"https:\/\/zonaroja.com.mx\/index.php?rest_route=\/wp\/v2\/posts\/73782\/revisions\/73784"}],"wp:featuredmedia":[{"embeddable":true,"href":"https:\/\/zonaroja.com.mx\/index.php?rest_route=\/wp\/v2\/media\/73783"}],"wp:attachment":[{"href":"https:\/\/zonaroja.com.mx\/index.php?rest_route=%2Fwp%2Fv2%2Fmedia&parent=73782"}],"wp:term":[{"taxonomy":"category","embeddable":true,"href":"https:\/\/zonaroja.com.mx\/index.php?rest_route=%2Fwp%2Fv2%2Fcategories&post=73782"},{"taxonomy":"post_tag","embeddable":true,"href":"https:\/\/zonaroja.com.mx\/index.php?rest_route=%2Fwp%2Fv2%2Ftags&post=73782"}],"curies":[{"name":"wp","href":"https:\/\/api.w.org\/{rel}","templated":true}]}}