{"id":73791,"date":"2024-10-25T06:57:45","date_gmt":"2024-10-25T12:57:45","guid":{"rendered":"https:\/\/zonaroja.com.mx\/?p=73791"},"modified":"2024-10-25T06:57:45","modified_gmt":"2024-10-25T12:57:45","slug":"lluvias-danaron-sede-de-universidad-en-villa-alta-oaxaca","status":"publish","type":"post","link":"https:\/\/zonaroja.com.mx\/?p=73791","title":{"rendered":"Lluvias da\u00f1aron sede de universidad en Villa Alta, Oaxaca"},"content":{"rendered":"\n<p>Raymundo Morales\/Zona Roja.<\/p>\n\n\n\n<p>Oaxaca de Ju\u00e1rez, Oax., a 25 de octubre de 2024.- Las intensas lluvias provocadas por la tormenta tropical \u201cNadine\u201d, causaron tambi\u00e9n da\u00f1os a la sede de la Universidad para el Bienestar \u201cBenito Ju\u00e1rez\u201d, ubicada en San Ildefonso Villa Alta, as\u00ed como a viviendas, caminos y carreteras.<\/p>\n\n\n\n<p>Un deslizamiento de ladera caus\u00f3 graves afectaciones en varias \u00e1reas clave de la instituci\u00f3n: los sanitarios, la biblioteca, la sala audiovisual y un aula quedaron severamente afectados.<\/p>\n\n\n\n<p>Ello lo confirm\u00f3 el mandatario Salom\u00f3n Jara Cruz, quien sorteando derrumbes, algunos tramos a pie, debido al mal estado de los caminos, lleg\u00f3 este jueves ese municipio de la regi\u00f3n Sierra de Ju\u00e1rez para supervisar los da\u00f1os. Lo recibi\u00f3 Diego Audelo Cordero, el coordinador de la universidad.<\/p>\n\n\n\n<p>El gobierno estatal dio a conocer que la universidad, s\u00edmbolo de esperanza para las juventudes de esta regi\u00f3n, est\u00e1 ahora seriamente comprometida. Los sanitarios, indispensables para el funcionamiento cotidiano, se da\u00f1aron con fisuras a su alrededor.<\/p>\n\n\n\n<p>Atent\u00f3 a la situaci\u00f3n y tras palpar esta problem\u00e1tica, el Ejecutivo estatal no dudo en solidarizarse y afirm\u00f3 que la administraci\u00f3n estatal tomar\u00e1 medidas inmediatas, principalmente un estudio profundo de mec\u00e1nica de suelos para entender la estabilidad de la zona, antes de realizar cualquier reconstrucci\u00f3n.<\/p>\n\n\n\n<p>\u201cLas juventudes y su educaci\u00f3n merecen la atenci\u00f3n del gobierno, esto es una prioridad y as\u00ed ser\u00e1n atendidas. No est\u00e1n solos, vamos a trabajar para que tengan un lugar adecuado y seguro para la formaci\u00f3n educativa y profesional\u201d, dijo.<\/p>\n\n\n\n<p>ATENCI\u00d3N PRIORITARIA&nbsp;<\/p>\n\n\n\n<p>Durante su visita a Villa Alta y luego de cruzar a pie los derrumbes causados por las intensas lluvias que dej\u00f3 la tormenta tropical \u201cNadine\u201d, el Gobernador de Oaxaca evalu\u00f3 las afectaciones, atendi\u00f3 a las autoridades y se comprometi\u00f3 a apoyar a las familias oaxaque\u00f1as.<\/p>\n\n\n\n<p>\u201cEstamos aqu\u00ed para trabajar y conocer los da\u00f1os generados por las lluvias, no los vamos a dejar solas y solos, ni por parte del gobierno federal, ni por el estatal, venimos para ayudarles\u201d, afirm\u00f3 el mandatario estatal al encabezar la Sesi\u00f3n Extraordinaria del Comit\u00e9 Estatal de Evaluaci\u00f3n de Da\u00f1os en el distrito de Villa Alta.<\/p>\n\n\n\n<figure class=\"wp-block-embed is-type-rich is-provider-twitter wp-block-embed-twitter\"><div class=\"wp-block-embed__wrapper\">\n<div class=\"twitter-tweet\"><blockquote class=\"twitter-tweet\" data-lang=\"es\"><p lang=\"es\" dir=\"ltr\">Severos da\u00f1os registra el municipio de San Ildefonso Villa Alta, entre ellos a caminos y la Universidad para el Bienestar, debido a las intensas lluvias de d\u00edas recientes.  <br>El mandatario <a href=\"https:\/\/twitter.com\/salomonj?ref_src=twsrc%5Etfw\">@salomonj<\/a> estuvo hoy en esa zona de la Sierra de Ju\u00e1rez de Oaxaca y comprometi\u00f3 todo el\u2026 <a href=\"https:\/\/t.co\/6hMpMGqIEa\">pic.twitter.com\/6hMpMGqIEa<\/a><\/p>&mdash; Zona Roja Oaxaca (@ZonaRoja_Oaxaca) <a href=\"https:\/\/twitter.com\/ZonaRoja_Oaxaca\/status\/1849656446277075354?ref_src=twsrc%5Etfw\">25 de octubre de 2024<\/a><\/blockquote><\/div>\n<\/div><\/figure>\n\n\n\n<p>Y es que desde hace 18 a\u00f1os no se hab\u00edan registrado lluvias tan intensas como las de los \u00faltimos meses en todo el estado, por lo que fueron afectadas principalmente cuatro de las ocho regiones de la entidad, cuyas comunidades est\u00e1n siendo visitadas por el gobernante oaxaque\u00f1o.<\/p>\n\n\n\n<p>Lo primordial es liberar las v\u00edas de comunicaci\u00f3n, normalizar la energ\u00eda el\u00e9ctrica y llevar v\u00edveres a las familias, dijo, en este encuentro en el que cada una de las autoridades expuso sus principales necesidades para atenderse de manera prioritaria.<\/p>\n\n\n\n<p>La Secretar\u00eda de Infraestructuras y Comunicaciones se\u00f1al\u00f3 que por las intensas lluvias que registr\u00f3 la tormenta tropical \u201cNadine\u201d, en el estado se tienen contabilizados 268 da\u00f1os en 83 municipios, de los cuales casi el 60 por ciento de ellos se ubican en la Sierra de Ju\u00e1rez. De estos, 160 son da\u00f1os a las v\u00edas de comunicaci\u00f3n, 58 a la red de energ\u00eda el\u00e9ctrica, 37 a viviendas, 7 a escuelas y 6 al sistema de agua y saneamiento.<\/p>\n\n\n\n<p>Dio a conocer que una forma inmediata de ayudar a las poblaciones a despejar sus caminos, es mediante la dotaci\u00f3n de combustible para que operen la maquinaria con la que cuentan. Por ello se entreg\u00f3 16 mil litros de di\u00e9sel y 500 litros de gasolina para 12 municipios de la Sierra de Ju\u00e1rez.<\/p>\n\n\n\n<p>LAS AFECTACIONES&nbsp;<\/p>\n\n\n\n<p>Se expusieron las afectaciones y acciones de atenci\u00f3n en los municipios del distrito de Villa Alta, en las que se iniciaron los trabajos de retiro de escombro de aproximadamente cinco accesos a comunidades que se encuentran dentro de la jurisdicci\u00f3n de San Andr\u00e9s Ya\u00e1.<\/p>\n\n\n\n<p>En San Ildefonso Villa Alta se presentaron las afectaciones m\u00e1s cr\u00edticas en cuanto a deslizamiento de tierra en el entronque de Totontepec Villa de Morelos a San Andr\u00e9s Ya\u00e1 con dos derrumbes grandes que mantuvieron la circulaci\u00f3n vehicular en un solo carril, entre otras v\u00edas m\u00e1s.<\/p>\n\n\n\n<p>La Casa Comunitaria del Estudiante Ind\u00edgena registra afectaciones en el inmueble y mobiliario y la Universidad para el Bienestar \u201cBenito Ju\u00e1rez Garc\u00eda\u201d presenta riesgo por desplazamiento de la ladera.<\/p>\n","protected":false},"excerpt":{"rendered":"<p>Raymundo Morales\/Zona Roja. Oaxaca de Ju\u00e1rez, Oax., a 25 de octubre de 2024.- Las intensas&hellip;<\/p>\n","protected":false},"author":2,"featured_media":73788,"comment_status":"closed","ping_status":"open","sticky":false,"template":"","format":"standard","meta":{"_lmt_disableupdate":"","_lmt_disable":"","_jetpack_memberships_contains_paid_content":false,"footnotes":""},"categories":[109,47],"tags":[939],"class_list":["post-73791","post","type-post","status-publish","format-standard","has-post-thumbnail","hentry","category-minuto-a-minuto","category-zona-gris","tag-salomon-jara-cruz"],"jetpack_featured_media_url":"https:\/\/zonaroja.com.mx\/wp-content\/uploads\/2024\/10\/Supervisa-Salomon-Jara-danos-en-la-Universidad-para-el-Bienestar-Benito-Juarez-de-San-Ildefonso-Villa-Alta-7.jpg","jetpack_sharing_enabled":true,"_links":{"self":[{"href":"https:\/\/zonaroja.com.mx\/index.php?rest_route=\/wp\/v2\/posts\/73791","targetHints":{"allow":["GET"]}}],"collection":[{"href":"https:\/\/zonaroja.com.mx\/index.php?rest_route=\/wp\/v2\/posts"}],"about":[{"href":"https:\/\/zonaroja.com.mx\/index.php?rest_route=\/wp\/v2\/types\/post"}],"author":[{"embeddable":true,"href":"https:\/\/zonaroja.com.mx\/index.php?rest_route=\/wp\/v2\/users\/2"}],"replies":[{"embeddable":true,"href":"https:\/\/zonaroja.com.mx\/index.php?rest_route=%2Fwp%2Fv2%2Fcomments&post=73791"}],"version-history":[{"count":1,"href":"https:\/\/zonaroja.com.mx\/index.php?rest_route=\/wp\/v2\/posts\/73791\/revisions"}],"predecessor-version":[{"id":73792,"href":"https:\/\/zonaroja.com.mx\/index.php?rest_route=\/wp\/v2\/posts\/73791\/revisions\/73792"}],"wp:featuredmedia":[{"embeddable":true,"href":"https:\/\/zonaroja.com.mx\/index.php?rest_route=\/wp\/v2\/media\/73788"}],"wp:attachment":[{"href":"https:\/\/zonaroja.com.mx\/index.php?rest_route=%2Fwp%2Fv2%2Fmedia&parent=73791"}],"wp:term":[{"taxonomy":"category","embeddable":true,"href":"https:\/\/zonaroja.com.mx\/index.php?rest_route=%2Fwp%2Fv2%2Fcategories&post=73791"},{"taxonomy":"post_tag","embeddable":true,"href":"https:\/\/zonaroja.com.mx\/index.php?rest_route=%2Fwp%2Fv2%2Ftags&post=73791"}],"curies":[{"name":"wp","href":"https:\/\/api.w.org\/{rel}","templated":true}]}}