{"id":7380,"date":"2020-01-07T07:39:09","date_gmt":"2020-01-07T13:39:09","guid":{"rendered":"http:\/\/www.zonaroja.com.mx\/?p=7380"},"modified":"2020-01-07T07:39:13","modified_gmt":"2020-01-07T13:39:13","slug":"edil-morenista-de-salina-cruz-cierra-canal-de-television-local","status":"publish","type":"post","link":"https:\/\/zonaroja.com.mx\/?p=7380","title":{"rendered":"Edil morenista de Salina Cruz cierra canal de televisi\u00f3n local"},"content":{"rendered":"\n<p>Redacci\u00f3n\/Zona\nRoja Cdmx.<\/p>\n\n\n\n<p>Ciudad\nde M\u00e9xico, 7 de enero 2020.- En Oaxaca, el alcalde morenista de Salina Cruz,\nJuan Carlos Atecas Altamirano, orden\u00f3 la clausura de las instalaciones de la\nempresa Megacable Comunicaciones, por presunto incumplimiento en el pago de\nlicencia de funcionamiento correspondiente a 2019.<\/p>\n\n\n\n<p>De\nacuerdo con medios locales, funcionarios del ayuntamiento se presentaron en las\noficinas de la empresa alrededor de las 16:30 horas del pasado viernes 3 de\nenero, para colocar los sellos de clausura en las puertas de acceso de personal\ny tambi\u00e9n de veh\u00edculos.<\/p>\n\n\n\n<p>En\nredes sociales, la conductora del canal televisivo, Connie Baigorra, calific\u00f3\nde arbitraria la medida, tras asegurar que la empresa pag\u00f3 una fianza para\ngarantizar la cobertura de los grav\u00e1menes, por concepto de funcionamiento y operaci\u00f3n.<\/p>\n\n\n\n<p>\u201cLas\nrazones que se\u00f1al\u00f3 el Jur\u00eddico municipal, Dieglo Petrikoswki Balcazar, es que\nexisten presuntos adeudos desde el a\u00f1o 2019 en los pagos de impuestos\nmunicipales\u201d, se\u00f1al\u00f3 en un reporte especial de \u201cMegacable\u201d.<\/p>\n\n\n\n<p>\u201cSe\nhan se\u00f1alado diversas inconsistencias y violaciones a la Ley Org\u00e1nica\nMunicipal, as\u00ed como al Bando de Polic\u00eda y Buen Gobierno en la realizaci\u00f3n de\nesta clausura. Por ejemplo, el rechazo de la fianza por la Tesorera municipal,\nMar\u00eda Isidra Hern\u00e1ndez Torres, quien por instrucciones de la autoridad\nmunicipal se\u00f1al\u00f3 que la ejecuci\u00f3n de clausura proceder\u00eda pese a la disposici\u00f3n\nde cubrir los impuestos locales\u201d.<\/p>\n\n\n\n<p>Por\nsu parte, las autoridades municipales justificaron la sanci\u00f3n administrativa,\ntras la supuesta entrega de tres notificaciones previas, la \u00faltima de ellas el\npasado 30 de diciembre.<\/p>\n\n\n\n<p>Durante\nuna transmisi\u00f3n en vivo de la clausura, funcionarios municipales explicaron que\nse trata de una medida de car\u00e1cter provisional, ya que los sellos podr\u00e1n ser\nretirados por la autoridad local en cuanto se cubran los adeudos y recargos\npendientes.<\/p>\n\n\n\n<p>Esta\nno es la primera pol\u00e9mica en la que se ve envuelto el Alcalde morenista.<\/p>\n\n\n\n<p>En\njulio del a\u00f1o pasado se public\u00f3 un oficio en el que el Ayuntamiento de Salina\nCruz autorizaba el pago de 150 mil pesos para cubrir los vi\u00e1ticos del senador\nde Morena, Salom\u00f3n Jara.<\/p>\n\n\n\n<p>Tanto\nel Edil como el legislador federal rechazaron los se\u00f1alamientos y aseguraron\nque el oficio era ap\u00f3crifo, por lo que interpusieron una denuncia penal por el\ndelito de falsificaci\u00f3n de documentos oficiales.<\/p>\n\n\n\n<p>Pese\na ello, el presidente del Sistema Estatal de Combate a la Corrupci\u00f3n de Oaxaca,\nAd\u00e1n C\u00f3rdova, inform\u00f3 que se inici\u00f3 una investigaci\u00f3n sobre el caso.<\/p>\n\n\n\n<p>(Informaci\u00f3n\ndel diario \u201cReforma\u201d)<\/p>\n","protected":false},"excerpt":{"rendered":"<p>Redacci\u00f3n\/Zona Roja Cdmx. Ciudad de M\u00e9xico, 7 de enero 2020.- En Oaxaca, el alcalde morenista&hellip;<\/p>\n","protected":false},"author":2,"featured_media":7381,"comment_status":"closed","ping_status":"open","sticky":false,"template":"","format":"standard","meta":{"_lmt_disableupdate":"","_lmt_disable":"","_jetpack_memberships_contains_paid_content":false,"footnotes":""},"categories":[109,47],"tags":[1247,168],"class_list":["post-7380","post","type-post","status-publish","format-standard","has-post-thumbnail","hentry","category-minuto-a-minuto","category-zona-gris","tag-juan-carlos-atecas-altamirano","tag-salina-cruz"],"jetpack_featured_media_url":"https:\/\/zonaroja.com.mx\/wp-content\/uploads\/2020\/01\/Juan-Carlos-Atecas.jpg","jetpack_sharing_enabled":true,"_links":{"self":[{"href":"https:\/\/zonaroja.com.mx\/index.php?rest_route=\/wp\/v2\/posts\/7380","targetHints":{"allow":["GET"]}}],"collection":[{"href":"https:\/\/zonaroja.com.mx\/index.php?rest_route=\/wp\/v2\/posts"}],"about":[{"href":"https:\/\/zonaroja.com.mx\/index.php?rest_route=\/wp\/v2\/types\/post"}],"author":[{"embeddable":true,"href":"https:\/\/zonaroja.com.mx\/index.php?rest_route=\/wp\/v2\/users\/2"}],"replies":[{"embeddable":true,"href":"https:\/\/zonaroja.com.mx\/index.php?rest_route=%2Fwp%2Fv2%2Fcomments&post=7380"}],"version-history":[{"count":1,"href":"https:\/\/zonaroja.com.mx\/index.php?rest_route=\/wp\/v2\/posts\/7380\/revisions"}],"predecessor-version":[{"id":7382,"href":"https:\/\/zonaroja.com.mx\/index.php?rest_route=\/wp\/v2\/posts\/7380\/revisions\/7382"}],"wp:featuredmedia":[{"embeddable":true,"href":"https:\/\/zonaroja.com.mx\/index.php?rest_route=\/wp\/v2\/media\/7381"}],"wp:attachment":[{"href":"https:\/\/zonaroja.com.mx\/index.php?rest_route=%2Fwp%2Fv2%2Fmedia&parent=7380"}],"wp:term":[{"taxonomy":"category","embeddable":true,"href":"https:\/\/zonaroja.com.mx\/index.php?rest_route=%2Fwp%2Fv2%2Fcategories&post=7380"},{"taxonomy":"post_tag","embeddable":true,"href":"https:\/\/zonaroja.com.mx\/index.php?rest_route=%2Fwp%2Fv2%2Ftags&post=7380"}],"curies":[{"name":"wp","href":"https:\/\/api.w.org\/{rel}","templated":true}]}}