{"id":73802,"date":"2024-10-25T11:35:00","date_gmt":"2024-10-25T17:35:00","guid":{"rendered":"https:\/\/zonaroja.com.mx\/?p=73802"},"modified":"2024-10-25T08:36:24","modified_gmt":"2024-10-25T14:36:24","slug":"reforman-la-constitucion-de-oaxaca-para-lograr-la-disponibilidad-del-agua","status":"publish","type":"post","link":"https:\/\/zonaroja.com.mx\/?p=73802","title":{"rendered":"Reforman la Constituci\u00f3n de Oaxaca para lograr la disponibilidad del agua"},"content":{"rendered":"\n<p>Redacci\u00f3n\/Zona Roja.<\/p>\n\n\n\n<p>Oaxaca de Ju\u00e1rez, Oax., a 25 de octubre de 2024.- Con 34 votos a favor, el Pleno de la 65 Legislatura local aprob\u00f3 recientemente la reforma a la Constituci\u00f3n de Oaxaca, propuesta por el gobernador Salom\u00f3n Jara Cruz, para que se garantice la disponibilidad del agua en el estado.<\/p>\n\n\n\n<p>Con la modificaci\u00f3n a los p\u00e1rrafos trig\u00e9simo quinto y trig\u00e9simo sexto del art\u00edculo 12 de la Constituci\u00f3n local, se establece que el estado y los municipios deber\u00e1n de incentivar la captaci\u00f3n del agua pluvial y la pol\u00edtica h\u00eddrica, aplicando los recursos administrativos, financieros y tecnol\u00f3gicos disponibles.<\/p>\n\n\n\n<p>El titular del Poder Ejecutivo expuso la necesidad de esta reforma ante las problem\u00e1ticas relacionadas con la disponibilidad del agua en Oaxaca, lo cual es indispensable para la supervivencia de la poblaci\u00f3n, de las especies y para la conservaci\u00f3n del medio ambiente.<\/p>\n\n\n\n<p>\u201cDe acuerdo con datos de la Comisi\u00f3n Nacional del Agua (Conagua), 368 de los 570 municipios de Oaxaca se encuentran afectados por la sequ\u00eda, con 171 clasificados en un grado severo y 43 enfrentando niveles extremos de aridez. Adem\u00e1s, la disponibilidad h\u00eddrica actual en Oaxaca es de 163 millones de metros c\u00fabicos de agua\u201d, refiri\u00f3.<\/p>\n\n\n\n<p>\u201cSin embargo, se espera que esta disponibilidad disminuya a corto plazo. En el mismo sentido, el INEGI ha se\u00f1alado que en el estado de Oaxaca se presentan serios contrastes en la disponibilidad regional y temporal del recurso del agua. En las regiones como la Ca\u00f1ada y la Mixteca se registran valores raqu\u00edticos de precipitaci\u00f3n, que no facilitan la acumulaci\u00f3n de agua en grandes cantidades; en cambio, en las sierras Mazateca, Ju\u00e1rez, Madre del Sur y Atravesada, se reportan algunas de las l\u00e1minas de lluvia m\u00e1s altas del pa\u00eds\u201d, explic\u00f3.<\/p>\n\n\n\n<p>Al respecto, la Comisi\u00f3n Permanente de Estudios Constitucionales detall\u00f3 que con esta reforma se establece una nueva cultura del agua y los principios de consumo responsable y la responsabilidad compartida que deben asumir las instituciones del sector p\u00fablico, la iniciativa privada, el sector social y la poblaci\u00f3n en general, \u201cpara lograr la disponibilidad del agua y la conservaci\u00f3n del equilibrio ecol\u00f3gico en beneficio de las actuales y futuras generaciones\u201d.<\/p>\n\n\n\n<p>El presidente de la Junta de Coordinaci\u00f3n Pol\u00edtica, Sergio L\u00f3pez S\u00e1nchez, manifest\u00f3 que esta reforma ser\u00e1 en beneficio de la poblaci\u00f3n y del medio ambiente con la implementaci\u00f3n de acciones que enfrenten la crisis del agua.&nbsp;<\/p>\n\n\n\n<p>Por su parte, la presidenta de la Comisi\u00f3n Permanente de Estudios Constitucionales, Liz Hern\u00e1ndez Matus, destac\u00f3 que con esta modificaci\u00f3n constitucional Oaxaca se posiciona en uno de los estados del pa\u00eds l\u00edderes en aplicar un tipo de pol\u00edtica dirigida hacia la sustentabilidad h\u00eddrica.<\/p>\n\n\n\n<p>De igual manera, el legislador Horacio Sosa Villavicencio refiri\u00f3 que con esto se busca enfrentar desde lo local el problema global del abasto del agua. Por lo cual, con la reforma aprobada se establece tambi\u00e9n en la Constituci\u00f3n de Oaxaca que los desarrollos residenciales y dem\u00e1s construcciones, deber\u00e1n adaptar mecanismos de captaci\u00f3n de agua de lluvia y la red necesaria para su re\u00faso.<\/p>\n\n\n\n<p>El decreto entrar\u00e1 en vigor al d\u00eda siguiente de su publicaci\u00f3n en el Peri\u00f3dico Oficial del Estado de Oaxaca.<\/p>\n","protected":false},"excerpt":{"rendered":"<p>Redacci\u00f3n\/Zona Roja. Oaxaca de Ju\u00e1rez, Oax., a 25 de octubre de 2024.- Con 34 votos&hellip;<\/p>\n","protected":false},"author":2,"featured_media":70754,"comment_status":"closed","ping_status":"open","sticky":false,"template":"","format":"standard","meta":{"_lmt_disableupdate":"","_lmt_disable":"","_jetpack_memberships_contains_paid_content":false,"footnotes":""},"categories":[109,46],"tags":[2743],"class_list":["post-73802","post","type-post","status-publish","format-standard","has-post-thumbnail","hentry","category-minuto-a-minuto","category-zona-blanca","tag-65-legislatura-del-estado-de-oaxaca"],"jetpack_featured_media_url":"https:\/\/zonaroja.com.mx\/wp-content\/uploads\/2024\/07\/Legisla-Congreso-para-prevenir-y-sancionar-el-acoso-sexual-en-espacios-publicos_1.jpeg","jetpack_sharing_enabled":true,"_links":{"self":[{"href":"https:\/\/zonaroja.com.mx\/index.php?rest_route=\/wp\/v2\/posts\/73802","targetHints":{"allow":["GET"]}}],"collection":[{"href":"https:\/\/zonaroja.com.mx\/index.php?rest_route=\/wp\/v2\/posts"}],"about":[{"href":"https:\/\/zonaroja.com.mx\/index.php?rest_route=\/wp\/v2\/types\/post"}],"author":[{"embeddable":true,"href":"https:\/\/zonaroja.com.mx\/index.php?rest_route=\/wp\/v2\/users\/2"}],"replies":[{"embeddable":true,"href":"https:\/\/zonaroja.com.mx\/index.php?rest_route=%2Fwp%2Fv2%2Fcomments&post=73802"}],"version-history":[{"count":1,"href":"https:\/\/zonaroja.com.mx\/index.php?rest_route=\/wp\/v2\/posts\/73802\/revisions"}],"predecessor-version":[{"id":73803,"href":"https:\/\/zonaroja.com.mx\/index.php?rest_route=\/wp\/v2\/posts\/73802\/revisions\/73803"}],"wp:featuredmedia":[{"embeddable":true,"href":"https:\/\/zonaroja.com.mx\/index.php?rest_route=\/wp\/v2\/media\/70754"}],"wp:attachment":[{"href":"https:\/\/zonaroja.com.mx\/index.php?rest_route=%2Fwp%2Fv2%2Fmedia&parent=73802"}],"wp:term":[{"taxonomy":"category","embeddable":true,"href":"https:\/\/zonaroja.com.mx\/index.php?rest_route=%2Fwp%2Fv2%2Fcategories&post=73802"},{"taxonomy":"post_tag","embeddable":true,"href":"https:\/\/zonaroja.com.mx\/index.php?rest_route=%2Fwp%2Fv2%2Ftags&post=73802"}],"curies":[{"name":"wp","href":"https:\/\/api.w.org\/{rel}","templated":true}]}}