{"id":73807,"date":"2024-10-25T09:38:20","date_gmt":"2024-10-25T15:38:20","guid":{"rendered":"https:\/\/zonaroja.com.mx\/?p=73807"},"modified":"2024-10-25T09:38:20","modified_gmt":"2024-10-25T15:38:20","slug":"una-mujer-pretendio-pedir-credito-en-coppel-con-identidad-falsa","status":"publish","type":"post","link":"https:\/\/zonaroja.com.mx\/?p=73807","title":{"rendered":"Una mujer pretendi\u00f3 pedir cr\u00e9dito en Coppel\u2026 con identidad falsa\u00a0"},"content":{"rendered":"\n<p>Redacci\u00f3n\/Zona Roja.&nbsp;<\/p>\n\n\n\n<p>Oaxaca de Ju\u00e1rez, Oax., a 24 de octubre de 2024.- La Fiscal\u00eda General del Estado de Oaxaca (FGEO) obtuvo auto de vinculaci\u00f3n a proceso contra una persona del sexo femenino identificada como M.M.G. o I.V.M., por el delito de Suplantaci\u00f3n de Identidad Digital, cometido en perjuicio de la tienda Coppel S.A de C.V, en la regi\u00f3n de la Costa.<\/p>\n\n\n\n<p>De acuerdo con la carpeta de investigaci\u00f3n, los hechos acontecieron el 25 de septiembre de 2024, cuando la imputada se present\u00f3 a la citada tienda en el \u00e1rea de \u00abBanCoppel\u00bb ubicada en avenida Oaxaca 806 con sede en Puerto Escondido, en donde solicit\u00f3 un cr\u00e9dito proporcionando una identificaci\u00f3n falsa.<\/p>\n\n\n\n<p>La investigaci\u00f3n revela que, la empresa al revisar el control interno, se percat\u00f3 que dicha persona ya hab\u00eda solicitado diversos cr\u00e9ditos en las dem\u00e1s sucursales con diferentes identidades e identificaciones, por lo que fue denunciada ante la polic\u00eda municipal y posteriormente puesta a disposici\u00f3n de las autoridades locales de la regi\u00f3n.<\/p>\n\n\n\n<p>Ante estos hechos y tras realizar una investigaci\u00f3n minuciosa del caso, la FGEO a trav\u00e9s de la Vicefiscal\u00eda Regional de la Costa, present\u00f3 las pruebas ante un juez de control quien determin\u00f3 vincular a proceso a M.M.G. o I.V.M., por el delito de suplantaci\u00f3n de identidad, imponiendo la medida cautelar de prisi\u00f3n preventiva justificada y otorgando tres meses para el cierre de investigaci\u00f3n complementaria.<\/p>\n\n\n\n<p>VIOLENTADOR VINCULADO<\/p>\n\n\n\n<p>Por otra parte, la instituci\u00f3n de procuraci\u00f3n de justicia llev\u00f3 ante el Juez a una persona del sexo masculino identificada como J.C.M.M., por el delito de violencia de pareja, cometido en agravio de G.B.S., hechos ocurridos en la regi\u00f3n de los Valles Centrales.<\/p>\n\n\n\n<p>De acuerdo con la denuncia penal del caso, la v\u00edctima -pareja del imputado- fue agredida verbal y f\u00edsicamente, adem\u00e1s de haber sido amenazada con una herramienta de trabajo, el 27 de septiembre de 2024, en un domicilio particular ubicado en la colonia 7 Regiones, jurisdicci\u00f3n del municipio de Oaxaca de Ju\u00e1rez.<\/p>\n\n\n\n<p>La v\u00edctima acudi\u00f3 ante FGEO para poner su denuncia y, a trav\u00e9s de la Fiscal\u00eda Especializada para la Atenci\u00f3n de Delitos Contra la Mujer por Raz\u00f3n de G\u00e9nero, se realizaron los trabajos ministeriales que permitieron la obtenci\u00f3n y posterior ejecuci\u00f3n de una orden de aprehensi\u00f3n en contra de J.C.M.M., quien qued\u00f3 a disposici\u00f3n de la autoridad ministerial correspondiente para determinar su situaci\u00f3n jur\u00eddica.<\/p>\n\n\n\n<p>En audiencia, el Juez calific\u00f3 como legal la detenci\u00f3n de J.C.M.M., por el delito de violencia de pareja, por lo que el imputado qued\u00f3 en prisi\u00f3n preventiva justificada, adem\u00e1s que se solicit\u00f3 la vinculaci\u00f3n a proceso y otorg\u00f3 un mes para el cierre de la investigaci\u00f3n complementaria.<\/p>\n","protected":false},"excerpt":{"rendered":"<p>Redacci\u00f3n\/Zona Roja.&nbsp; Oaxaca de Ju\u00e1rez, Oax., a 24 de octubre de 2024.- La Fiscal\u00eda General&hellip;<\/p>\n","protected":false},"author":2,"featured_media":73808,"comment_status":"closed","ping_status":"open","sticky":false,"template":"","format":"standard","meta":{"_lmt_disableupdate":"","_lmt_disable":"","_jetpack_memberships_contains_paid_content":false,"footnotes":""},"categories":[109,46],"tags":[494],"class_list":["post-73807","post","type-post","status-publish","format-standard","has-post-thumbnail","hentry","category-minuto-a-minuto","category-zona-blanca","tag-fiscalia-general-del-estado-de-oaxaca"],"jetpack_featured_media_url":"https:\/\/zonaroja.com.mx\/wp-content\/uploads\/2024\/10\/Detenida-Coppel-Fiscalia.jpg","jetpack_sharing_enabled":true,"_links":{"self":[{"href":"https:\/\/zonaroja.com.mx\/index.php?rest_route=\/wp\/v2\/posts\/73807","targetHints":{"allow":["GET"]}}],"collection":[{"href":"https:\/\/zonaroja.com.mx\/index.php?rest_route=\/wp\/v2\/posts"}],"about":[{"href":"https:\/\/zonaroja.com.mx\/index.php?rest_route=\/wp\/v2\/types\/post"}],"author":[{"embeddable":true,"href":"https:\/\/zonaroja.com.mx\/index.php?rest_route=\/wp\/v2\/users\/2"}],"replies":[{"embeddable":true,"href":"https:\/\/zonaroja.com.mx\/index.php?rest_route=%2Fwp%2Fv2%2Fcomments&post=73807"}],"version-history":[{"count":1,"href":"https:\/\/zonaroja.com.mx\/index.php?rest_route=\/wp\/v2\/posts\/73807\/revisions"}],"predecessor-version":[{"id":73809,"href":"https:\/\/zonaroja.com.mx\/index.php?rest_route=\/wp\/v2\/posts\/73807\/revisions\/73809"}],"wp:featuredmedia":[{"embeddable":true,"href":"https:\/\/zonaroja.com.mx\/index.php?rest_route=\/wp\/v2\/media\/73808"}],"wp:attachment":[{"href":"https:\/\/zonaroja.com.mx\/index.php?rest_route=%2Fwp%2Fv2%2Fmedia&parent=73807"}],"wp:term":[{"taxonomy":"category","embeddable":true,"href":"https:\/\/zonaroja.com.mx\/index.php?rest_route=%2Fwp%2Fv2%2Fcategories&post=73807"},{"taxonomy":"post_tag","embeddable":true,"href":"https:\/\/zonaroja.com.mx\/index.php?rest_route=%2Fwp%2Fv2%2Ftags&post=73807"}],"curies":[{"name":"wp","href":"https:\/\/api.w.org\/{rel}","templated":true}]}}