{"id":73819,"date":"2024-10-25T20:59:14","date_gmt":"2024-10-26T02:59:14","guid":{"rendered":"https:\/\/zonaroja.com.mx\/?p=73819"},"modified":"2024-10-25T20:59:16","modified_gmt":"2024-10-26T02:59:16","slug":"organismo-internacional-pide-al-estado-mexicano-intensificar-busqueda-de-sandra-dominguez","status":"publish","type":"post","link":"https:\/\/zonaroja.com.mx\/?p=73819","title":{"rendered":"Organismo internacional pide al Estado mexicano intensificar b\u00fasqueda de Sandra Dom\u00ednguez"},"content":{"rendered":"\n<p>Redacci\u00f3n\/Zona Roja.<\/p>\n\n\n\n<p>Oaxaca de Ju\u00e1rez, Oax., a 25 de octubre de 2024.- El Observatorio para la Protecci\u00f3n de los Defensores de Derechos Humanos, programa conjunto de la Organizaci\u00f3n Mundial Contra la Tortura (OMCT) y de la Federaci\u00f3n Internacional por los Derechos Humanos (FIDH), realiz\u00f3 hoy un llamamiento urgente a las autoridades mexicanas para que realicen una b\u00fasqueda inmediata y efectiva para localizar a la defensora de derechos humanos, Sandra Dom\u00ednguez, garantizando su presentaci\u00f3n con vida y el resguardo de su integridad f\u00edsica y emocional.<\/p>\n\n\n\n<p>El Observatorio demanda adem\u00e1s que en el caso de Sandra, quien cumple hoy 21 d\u00edas de desaparecida, se realice un an\u00e1lisis del contexto.&nbsp;Se\u00f1alan que Sandra Dom\u00ednguez es una defensora ind\u00edgena Ayuujk de Oaxaca; es abogada y acompa\u00f1a casos de violencia contra mujeres.&nbsp;<\/p>\n\n\n\n<p>En el a\u00f1o 2020 denunci\u00f3 p\u00fablicamente un grupo de WhatsApp en el que participaban autoridades del estado de Oaxaca, y en el que circulaban im\u00e1genes sexuales de mujeres ind\u00edgenas. Sandra, quien era una de las v\u00edctimas cuyas im\u00e1genes se compartieron, present\u00f3 una denuncia penal contra una de las autoridades que participaban en el chat.<br>Entre los participantes del grupo, que contaba con m\u00e1s de 100 miembros, figuraba Donato Vargas Jim\u00e9nez, actual coordinador de Delegados de Paz Social en el gobierno del Estado de Oaxaca, encabezado por Salom\u00f3n Jara. En el 2023, acompa\u00f1\u00f3 en su denuncia por violencia familiar del mismo funcionario a Aracely Cruz Jim\u00e9nez.&nbsp;<\/p>\n\n\n\n<p>Es en este sentido que, &nbsp;a trav\u00e9s de una comunicaci\u00f3n urgente,&nbsp;el Observatorio para la Protecci\u00f3n de los Defensores de Derechos Humanos, conden\u00f3 en\u00e9rgicamente la desaparici\u00f3n de la defensora ayuujk, Sandra Dom\u00ednguez; y reiter\u00f3 \u201csu m\u00e1xima preocupaci\u00f3n por la utilizaci\u00f3n de actos de violencia, intimidaci\u00f3n y amenazas contra las personas defensoras, en particular mujeres defensoras en Oaxaca\u201d.&nbsp;<\/p>\n\n\n\n<p>El llamamiento urgente, adem\u00e1s de exigir la presentaci\u00f3n con vida de la defensora de los derechos de las mujeres, demanda tambi\u00e9n llevar a cabo una investigaci\u00f3n inmediata, independiente, exhaustiva, efectiva e imparcial, en torno a la desaparici\u00f3n de Sandra Dom\u00ednguez, para identificar a los responsables materiales e intelectuales, y llevarlos ante un tribunal competente, independiente, justo e imparcial y aplicar las sanciones penales y de otra naturaleza, previstas por la ley.<\/p>\n\n\n\n<p>Aunado a ello, el Observatorio para la Protecci\u00f3n de los Defensores de Derechos Humanos exige al Estado Mexicano a adoptar de manera inmediata todas las medidas necesarias para garantizar la seguridad f\u00edsica y psicol\u00f3gica de las personas defensoras de derechos humanos en Oaxaca, incluyendo a quienes est\u00e1n denunciando la desaparici\u00f3n de Sandra Dom\u00ednguez y solicitando su b\u00fasqueda y localizaci\u00f3n inmediata.<\/p>\n\n\n\n<p>En ese contexto, tambi\u00e9n se uni\u00f3 a la solicitud de las organizaciones y pidi\u00f3 garant\u00edas de seguridad para la familia y las compa\u00f1eras de Sandra Dom\u00ednguez con la finalidad de que puedan seguir incidiendo por la b\u00fasqueda sin sufrir actos de intimidaci\u00f3n, hostigamiento o amenazas.<\/p>\n\n\n\n<p>Durante los \u00faltimos a\u00f1os, han sido desaparecidas tres defensoras de derechos humanos en Oaxaca: Claudia Uruchurtu Cruz desaparecida el 26 de marzo del 2021, Irma Galindo Barrios, el 27 de octubre del 2021 y Sandra Dom\u00ednguez Mart\u00ednez, el 4 de octubre del 2024.<\/p>\n\n\n\n<p>El Observatorio para la Protecci\u00f3n de los Defensores de Derechos Humanos es un programa conjunto de la Organizaci\u00f3n Mundial Contra la Tortura (OMCT) y &nbsp;la Federaci\u00f3n Internacional por los Derechos Humanos (FIDH); tiene sede en Suiza, Francia y B\u00e9lgica y su objetivo es prevenir o remediar situaciones de represi\u00f3n contra los defensores de los derechos humanos.<\/p>\n\n\n\n<p>(Comunicado)<\/p>\n","protected":false},"excerpt":{"rendered":"<p>Redacci\u00f3n\/Zona Roja. Oaxaca de Ju\u00e1rez, Oax., a 25 de octubre de 2024.- El Observatorio para&hellip;<\/p>\n","protected":false},"author":2,"featured_media":73354,"comment_status":"closed","ping_status":"open","sticky":false,"template":"","format":"standard","meta":{"_lmt_disableupdate":"","_lmt_disable":"","_jetpack_memberships_contains_paid_content":false,"footnotes":""},"categories":[109,47],"tags":[4086],"class_list":["post-73819","post","type-post","status-publish","format-standard","has-post-thumbnail","hentry","category-minuto-a-minuto","category-zona-gris","tag-sandra-dominguez"],"jetpack_featured_media_url":"https:\/\/zonaroja.com.mx\/wp-content\/uploads\/2024\/10\/Sandra-Dominguez-1.jpeg","jetpack_sharing_enabled":true,"_links":{"self":[{"href":"https:\/\/zonaroja.com.mx\/index.php?rest_route=\/wp\/v2\/posts\/73819","targetHints":{"allow":["GET"]}}],"collection":[{"href":"https:\/\/zonaroja.com.mx\/index.php?rest_route=\/wp\/v2\/posts"}],"about":[{"href":"https:\/\/zonaroja.com.mx\/index.php?rest_route=\/wp\/v2\/types\/post"}],"author":[{"embeddable":true,"href":"https:\/\/zonaroja.com.mx\/index.php?rest_route=\/wp\/v2\/users\/2"}],"replies":[{"embeddable":true,"href":"https:\/\/zonaroja.com.mx\/index.php?rest_route=%2Fwp%2Fv2%2Fcomments&post=73819"}],"version-history":[{"count":1,"href":"https:\/\/zonaroja.com.mx\/index.php?rest_route=\/wp\/v2\/posts\/73819\/revisions"}],"predecessor-version":[{"id":73820,"href":"https:\/\/zonaroja.com.mx\/index.php?rest_route=\/wp\/v2\/posts\/73819\/revisions\/73820"}],"wp:featuredmedia":[{"embeddable":true,"href":"https:\/\/zonaroja.com.mx\/index.php?rest_route=\/wp\/v2\/media\/73354"}],"wp:attachment":[{"href":"https:\/\/zonaroja.com.mx\/index.php?rest_route=%2Fwp%2Fv2%2Fmedia&parent=73819"}],"wp:term":[{"taxonomy":"category","embeddable":true,"href":"https:\/\/zonaroja.com.mx\/index.php?rest_route=%2Fwp%2Fv2%2Fcategories&post=73819"},{"taxonomy":"post_tag","embeddable":true,"href":"https:\/\/zonaroja.com.mx\/index.php?rest_route=%2Fwp%2Fv2%2Ftags&post=73819"}],"curies":[{"name":"wp","href":"https:\/\/api.w.org\/{rel}","templated":true}]}}