{"id":73823,"date":"2024-10-26T07:30:00","date_gmt":"2024-10-26T13:30:00","guid":{"rendered":"https:\/\/zonaroja.com.mx\/?p=73823"},"modified":"2024-10-26T07:15:36","modified_gmt":"2024-10-26T13:15:36","slug":"suben-a-19-los-muertos-a-balazos-en-guerrero-los-detenidos-son-la-mayoria-de-guatemala","status":"publish","type":"post","link":"https:\/\/zonaroja.com.mx\/?p=73823","title":{"rendered":"Suben a 19 los muertos a balazos en Guerrero; los detenidos son la mayor\u00eda de Guatemala"},"content":{"rendered":"\n<p>Redacci\u00f3n\/Zona Roja Cdmx.<\/p>\n\n\n\n<p>Ciudad de M\u00e9xico, a 26 de octubre de 2024.- Los enfrentamientos en T\u00e9cpan de Galeana, Guerrero, que se registaron la madrugada y ma\u00f1ana del jueves dejaron un saldo de 19 muertos, dos de ellos polic\u00edas municipales que fueron agredidos por el grupo criminal Gente Nueva que incursion\u00f3 en el municipio para atacar al c\u00e1rtel de \u201cLos Granados\u201d que opera en la zona, inform\u00f3 el secretario de Seguridad, Omar Garc\u00eda Harfuch.<\/p>\n\n\n\n<p>Seg\u00fan informaci\u00f3n del portal \u201cExpansi\u00f3n Pol\u00edtica\u201d, la Secretar\u00eda de la Defensa Nacional dio a conocer que los hechos iniciaron sobre la carretera que conduce al poblado El Moreno, rumbo a la regi\u00f3n serrana, cuando dos grupos delictivos antag\u00f3nicos chocaron con polic\u00edas estatales que se encontraban de servicio.<\/p>\n\n\n\n<p>Dos oficiales perdieron la vida, mientras que otros cuatro fueron atendidos en una instalaci\u00f3n hospitalaria del lugar y se encuentran estables, se inform\u00f3.<\/p>\n\n\n\n<p>En el mismo evento, una base de operaciones cercana del Ej\u00e9rcito encargada de proporcionar seguridad a la poblaci\u00f3n de esa comunidad, fue agredida tambi\u00e9n con armas de fuego, por lo que el personal militar respondi\u00f3 al ataque, detalla \u201cExpansi\u00f3n Pol\u00edtica\u201d.<\/p>\n\n\n\n<p>Elementos de la Guardia Nacional con base en El Ticu\u00ed, Guerrero, acudieron en apoyo y fueron agredidos de igual forma con armas de fuego. Fue en ese segundo choque que 14 presuntos delincuentes murieron.<\/p>\n\n\n\n<p>La autoridad se\u00f1al\u00f3 que tres militares resultaron heridos, por lo que fueron evacuados en un helic\u00f3ptero para su atenci\u00f3n m\u00e9dica a la ciudad de Acapulco.<\/p>\n\n\n\n<p>EXTRANJEROS<\/p>\n\n\n\n<p>Por su parte, seg\u00fan informaci\u00f3n del diario \u201cLa Jornada\u201d, la Fiscal\u00eda General del Estado (FGE) de Guerrero dio a conocer la noche de este viernes que en total son 15 personas detenidas por los enfrentamientos entre grupos criminales y agresiones a bases militares en Tecpan de Galeana el jueves, entre los cuales se encuentran 10 hombres originarios de Guatemala, uno de El Salvador y cuatro mexicanos.<\/p>\n\n\n\n<p>Detall\u00f3 que se localizaron m\u00e1s de 15 artefactos explosivos, los cuales fueron detonados de manera segura por el Ej\u00e9rcito Mexicano, y se aseguraron 21 armas largas, m\u00e1s de 5 mil 500 cartuchos \u00fatiles, 60 cargadores, equipo t\u00e1ctico diverso y 17 veh\u00edculos con reporte de robo, de los cuales tres tienen blindaje artesanal.<\/p>\n\n\n\n<p>La FGE a\u00f1adi\u00f3 que una vez que el agente del Ministerio P\u00fablico de esta instituci\u00f3n tuvo conocimiento de los hechos, \u201cintegr\u00f3 la carpeta de investigaci\u00f3n por los delitos de homicidio calificado, homicidio en grado de tentativa, lesiones calificadas en agravio de los elementos de seguridad e investigaci\u00f3n y el delito de ataques a la paz p\u00fablica en contra de los pobladores de dicho municipio\u201d.<\/p>\n","protected":false},"excerpt":{"rendered":"<p>Redacci\u00f3n\/Zona Roja Cdmx. Ciudad de M\u00e9xico, a 26 de octubre de 2024.- Los enfrentamientos en&hellip;<\/p>\n","protected":false},"author":2,"featured_media":73824,"comment_status":"closed","ping_status":"open","sticky":false,"template":"","format":"standard","meta":{"_lmt_disableupdate":"","_lmt_disable":"","_jetpack_memberships_contains_paid_content":false,"footnotes":""},"categories":[109,47],"tags":[4093],"class_list":["post-73823","post","type-post","status-publish","format-standard","has-post-thumbnail","hentry","category-minuto-a-minuto","category-zona-gris","tag-tecpan-de-galeana"],"jetpack_featured_media_url":"https:\/\/zonaroja.com.mx\/wp-content\/uploads\/2024\/10\/Arsenal-Tecpan-Guerrero.jpeg","jetpack_sharing_enabled":true,"_links":{"self":[{"href":"https:\/\/zonaroja.com.mx\/index.php?rest_route=\/wp\/v2\/posts\/73823","targetHints":{"allow":["GET"]}}],"collection":[{"href":"https:\/\/zonaroja.com.mx\/index.php?rest_route=\/wp\/v2\/posts"}],"about":[{"href":"https:\/\/zonaroja.com.mx\/index.php?rest_route=\/wp\/v2\/types\/post"}],"author":[{"embeddable":true,"href":"https:\/\/zonaroja.com.mx\/index.php?rest_route=\/wp\/v2\/users\/2"}],"replies":[{"embeddable":true,"href":"https:\/\/zonaroja.com.mx\/index.php?rest_route=%2Fwp%2Fv2%2Fcomments&post=73823"}],"version-history":[{"count":1,"href":"https:\/\/zonaroja.com.mx\/index.php?rest_route=\/wp\/v2\/posts\/73823\/revisions"}],"predecessor-version":[{"id":73825,"href":"https:\/\/zonaroja.com.mx\/index.php?rest_route=\/wp\/v2\/posts\/73823\/revisions\/73825"}],"wp:featuredmedia":[{"embeddable":true,"href":"https:\/\/zonaroja.com.mx\/index.php?rest_route=\/wp\/v2\/media\/73824"}],"wp:attachment":[{"href":"https:\/\/zonaroja.com.mx\/index.php?rest_route=%2Fwp%2Fv2%2Fmedia&parent=73823"}],"wp:term":[{"taxonomy":"category","embeddable":true,"href":"https:\/\/zonaroja.com.mx\/index.php?rest_route=%2Fwp%2Fv2%2Fcategories&post=73823"},{"taxonomy":"post_tag","embeddable":true,"href":"https:\/\/zonaroja.com.mx\/index.php?rest_route=%2Fwp%2Fv2%2Ftags&post=73823"}],"curies":[{"name":"wp","href":"https:\/\/api.w.org\/{rel}","templated":true}]}}