{"id":73826,"date":"2024-10-26T08:30:00","date_gmt":"2024-10-26T14:30:00","guid":{"rendered":"https:\/\/zonaroja.com.mx\/?p=73826"},"modified":"2024-10-26T07:39:29","modified_gmt":"2024-10-26T13:39:29","slug":"asesinan-a-dos-personas-en-la-region-costa-de-oaxaca","status":"publish","type":"post","link":"https:\/\/zonaroja.com.mx\/?p=73826","title":{"rendered":"Asesinan a dos personas en la regi\u00f3n Costa de Oaxaca"},"content":{"rendered":"\n<p>Raymundo Morales\/Zona Roja. Foto: captura de pantalla.<\/p>\n\n\n\n<p>Oaxaca de Ju\u00e1rez, Oax., a 26 de octubre de 2024.- Dos personas del sexo masculino fueron asesinadas a balazos a noche en dos sitios de la regi\u00f3n Costa del estado de Oaxaca.<\/p>\n\n\n\n<p>Un caso ocurri\u00f3 e inmediaciones del barrio Las Flores de la localidad Bajos de Chila, perteneciente al municipio de San Pedro Mixtepec.<\/p>\n\n\n\n<p>Sujetos armados acribillaron a un individuo que se encontraba en el interior de un veh\u00edculo marca Nissan, tipo Tidaa, sobre la carretera federal; la persona baleada, identificada como Lucas R. C.<\/p>\n\n\n\n<p>Personal de la Vicefiscal\u00eda Regional de la Costa arrib\u00f3 a la zona para iniciar las indagatorias correspondientes y dar con el paradero del o de los responsables del homicidio.<\/p>\n\n\n\n<p>Por otra parte, casi a la misma hora de anoche se report\u00f3 otro crimen, registrado a un costado del pante\u00f3n del municipio de San Pedro Pochutla; hasta el momento no se cuenta con la identidad de la v\u00edctima.<\/p>\n\n\n\n<p>Mientras que esta ma\u00f1ana en la avenida Oleoducto esquina Morelos, colonia Hidalgo Oriente del municipio de Salina Cruz, se registraron detonaciones de arma de fuego.<\/p>\n\n\n\n<p>Al arribo de las corporaciones policiacas, s\u00f3lo hallaron casquillos percutidos y una cuatrimotora abandonada; la zona contin\u00faa cerrada y al lugar arrib\u00f3 personal de la Vicefiscal\u00eda Regional del Istmo.<\/p>\n","protected":false},"excerpt":{"rendered":"<p>Raymundo Morales\/Zona Roja. Foto: captura de pantalla. Oaxaca de Ju\u00e1rez, Oax., a 26 de octubre&hellip;<\/p>\n","protected":false},"author":2,"featured_media":73827,"comment_status":"closed","ping_status":"open","sticky":false,"template":"","format":"standard","meta":{"_lmt_disableupdate":"","_lmt_disable":"","_jetpack_memberships_contains_paid_content":false,"footnotes":""},"categories":[109,51],"tags":[890],"class_list":["post-73826","post","type-post","status-publish","format-standard","has-post-thumbnail","hentry","category-minuto-a-minuto","category-zona-roja","tag-san-pedro-mixtepec"],"jetpack_featured_media_url":"https:\/\/zonaroja.com.mx\/wp-content\/uploads\/2024\/10\/Balacera-en-Salina-CRuz.jpg","jetpack_sharing_enabled":true,"_links":{"self":[{"href":"https:\/\/zonaroja.com.mx\/index.php?rest_route=\/wp\/v2\/posts\/73826","targetHints":{"allow":["GET"]}}],"collection":[{"href":"https:\/\/zonaroja.com.mx\/index.php?rest_route=\/wp\/v2\/posts"}],"about":[{"href":"https:\/\/zonaroja.com.mx\/index.php?rest_route=\/wp\/v2\/types\/post"}],"author":[{"embeddable":true,"href":"https:\/\/zonaroja.com.mx\/index.php?rest_route=\/wp\/v2\/users\/2"}],"replies":[{"embeddable":true,"href":"https:\/\/zonaroja.com.mx\/index.php?rest_route=%2Fwp%2Fv2%2Fcomments&post=73826"}],"version-history":[{"count":1,"href":"https:\/\/zonaroja.com.mx\/index.php?rest_route=\/wp\/v2\/posts\/73826\/revisions"}],"predecessor-version":[{"id":73828,"href":"https:\/\/zonaroja.com.mx\/index.php?rest_route=\/wp\/v2\/posts\/73826\/revisions\/73828"}],"wp:featuredmedia":[{"embeddable":true,"href":"https:\/\/zonaroja.com.mx\/index.php?rest_route=\/wp\/v2\/media\/73827"}],"wp:attachment":[{"href":"https:\/\/zonaroja.com.mx\/index.php?rest_route=%2Fwp%2Fv2%2Fmedia&parent=73826"}],"wp:term":[{"taxonomy":"category","embeddable":true,"href":"https:\/\/zonaroja.com.mx\/index.php?rest_route=%2Fwp%2Fv2%2Fcategories&post=73826"},{"taxonomy":"post_tag","embeddable":true,"href":"https:\/\/zonaroja.com.mx\/index.php?rest_route=%2Fwp%2Fv2%2Ftags&post=73826"}],"curies":[{"name":"wp","href":"https:\/\/api.w.org\/{rel}","templated":true}]}}