{"id":73829,"date":"2024-10-26T09:40:00","date_gmt":"2024-10-26T15:40:00","guid":{"rendered":"https:\/\/zonaroja.com.mx\/?p=73829"},"modified":"2024-10-26T07:55:42","modified_gmt":"2024-10-26T13:55:42","slug":"capacita-el-dif-oaxaca-a-las-autoridades-municipales","status":"publish","type":"post","link":"https:\/\/zonaroja.com.mx\/?p=73829","title":{"rendered":"Capacita el DIF Oaxaca a las autoridades municipales\u00a0"},"content":{"rendered":"\n<p>Redacci\u00f3n\/Zona Roja.<\/p>\n\n\n\n<p>Oaxaca de Ju\u00e1rez, Oax., a 26 de octubre de 2024.- La presidenta honoraria del Sistema para el Desarrollo Integral de la Familia (DIF) Oaxaca, Irma Bola\u00f1os Quijano refrend\u00f3 su compromiso de sumar esfuerzos para cuidar de la poblaci\u00f3n de grupos prioritarios, principalmente de quienes habitan en las localidades y agencias del estado.<\/p>\n\n\n\n<p>Durante un encuentro con cerca de 250 autoridades municipales electas y en funciones de las ocho regiones del estado, realizado en el Centro Cultural y de Convenciones de Oaxaca (CCCO), para dar a conocer las reglas de operaci\u00f3n de los programas, acciones y servicios, Bola\u00f1os Quijano mantuvo un ameno di\u00e1logo para que la poblaci\u00f3n sea la principal beneficiaria, en cuyo resultado ser\u00e1 crucial la suma de esfuerzos para que los apoyos lleguen de manera oportuna y sin distingo.<\/p>\n\n\n\n<p>\u201cEs importante trabajar coordinadamente con las y los directivos, as\u00ed como las delegadas del organismo estatal. Les pido de manera especial ponerle m\u00e1s empe\u00f1o en las agencias, as\u00ed lo hemos hecho desde el a\u00f1o pasado y en este 2024, nos estamos reuniendo m\u00e1s en las plazas p\u00fablicas de las localidades\u201d, destac\u00f3.<\/p>\n\n\n\n<p>Record\u00f3 que el Sistema DIF Oaxaca ofrece servicios en distintas \u00e1reas como salud, alimentaci\u00f3n, educaci\u00f3n, capacitaci\u00f3n, entre otras, por medio de las jornadas m\u00e9dicas, el Centro de Autismo Nyela To Bidao, entrega de aparatos funcionales, equipamiento de Unidades B\u00e1sicas de Rehabilitaci\u00f3n (UBR), la Caravana de Unidades de Cuidados DIF y el Velatorio \u201cManuel Fern\u00e1ndez Fiallo\u201d y dem\u00e1s.<\/p>\n\n\n\n<p>Adem\u00e1s de los servicios que se ofrecen desde las procuradur\u00edas Estatal de Protecci\u00f3n de los Derechos de Ni\u00f1as, Ni\u00f1os y Adolescentes del Estado de Oaxaca (Prodennao) y de la Defensa de las Personas Con Discapacidad (Propcd).<\/p>\n\n\n\n<p>En el marco de esta reuni\u00f3n, el personal directivo comparti\u00f3 informaci\u00f3n sobre los servicios, programas y requisitos que deben cubrir los municipios para inscribir a la poblaci\u00f3n de grupos prioritarios. Tambi\u00e9n, se entregaron de manera simb\u00f3lica las credenciales que acreditan a los comit\u00e9s de Ixtl\u00e1n de Ju\u00e1rez, Teotitl\u00e1n de Flores Mag\u00f3n, San Juan Tamazola y Santo Domingo Tomaltepec.&nbsp;<\/p>\n\n\n\n<p>CINE GRATIS<\/p>\n\n\n\n<p>La experiencia de disfrutar de una pel\u00edcula en pantalla grande por parte de la poblaci\u00f3n de grupos prioritarios de la capital oaxaque\u00f1a y su zona conurbada, as\u00ed como de San Juan Bautista Tuxtepec, Pinotepa Nacional y Santa Mar\u00eda Huatulco, ser\u00e1 posible en esta Primavera Oaxaque\u00f1a.<\/p>\n\n\n\n<p>Esto gracias a la suscripci\u00f3n del convenio de colaboraci\u00f3n entre la empresa Cin\u00e9polis Oaxaca representada por Edmundo Rivero, y la Procuradur\u00eda de Protecci\u00f3n al Ambiente del Estado de Oaxaca a cargo de Isa\u00edas Vald\u00e9s Martel.<\/p>\n\n\n\n<p>Al atestiguar este acuerdo, la Presidenta Honoraria del Sistema Estatal para el Desarrollo Integral de la Familia (DIF) Oaxaca, Irma Bola\u00f1os Quijano, extern\u00f3 su benepl\u00e1cito porque gracias a ello, la poblaci\u00f3n de grupos prioritarios acceder\u00e1 a funciones de cine gratuitas.<\/p>\n\n\n\n<p>\u201cEsta acci\u00f3n es muy importante porque el deseo de ir al cine se har\u00e1 realidad para quienes tienen mayor dificultad de asistir a admirar este arte. Tambi\u00e9n porque en algunas ocasiones es lejano por el costo que genera trasladarse a ver una funci\u00f3n y pagar el ingreso para toda la familia\u201d, destac\u00f3.<\/p>\n\n\n\n<p>En compa\u00f1\u00eda de la directora general, Maribel Salinas Velasco y la coordinadora de Comunicaci\u00f3n Social del Gobierno del Estado, Elizabeth \u00c1lvarez Acosta, as\u00ed como directivo de Cin\u00e9polis, Bola\u00f1os Quijano, expres\u00f3 que el acceso al cine no solo ser\u00e1 para disfrutar una pel\u00edcula, traer\u00e1 mayores satisfacciones como fomentar la convivencia familiar al vivir en unidad las sensaciones y sentimientos que motiva este arte.<\/p>\n\n\n\n<p>CARAVANA ROSA<\/p>\n\n\n\n<p>Por otra parte, la presidenta del DIF Oaxaca, Irma Bola\u00f1os Quijano particip\u00f3 esta semana en el arranque y entrega de pases de la d\u00e9cimo tercera edici\u00f3n de la Caravana Rosa ADO, iniciativa que facilita mastograf\u00edas gratuitas y estudios complementarios para las mujeres de 40 a\u00f1os en adelante del centro, golfo, sur y sureste de M\u00e9xico.<\/p>\n\n\n\n<p>Con esta iniciativa de la empresa Mobility ADO y la Fundaci\u00f3n del C\u00e1ncer de Mama (Fucam), el organismo estatal busca que las oaxaque\u00f1as de las ocho regiones que habitan en localidades apartadas del estado accedan a este beneficio que impacta en el bienestar de miles de mujeres con una detecci\u00f3n temprana y tratamiento oportuno.<\/p>\n\n\n\n<p>El evento se realiz\u00f3 en el marco de la conmemoraci\u00f3n del Mes de Sensibilizaci\u00f3n sobre el C\u00e1ncer de Mama y cont\u00f3 con la presencia del gerente general de Mobility ADO Oaxaca, Eduardo Z\u00e1rate D\u00edaz y el director m\u00e9dico del Fucam Oaxaca, Javier Robles Castillo, en cuyo marco Bola\u00f1os Quijano reiter\u00f3 su benepl\u00e1cito porque entre las beneficiarias se tienen contempladas a mujeres que habitan en localidades apartadas del estado.<\/p>\n\n\n\n<p>Las ciudadanas que deseen acceder a este apoyo pueden solicitar su pase en la taquilla de la terminal ADO Oaxaca, ubicada en avenida 5 de Mayo n\u00famero 900 esquina calzada H\u00e9roes de Chapultepec, Barrio de San Mat\u00edas Jalatlaco, en la capital oaxaque\u00f1a, de 9:00 a 14:00 horas.<\/p>\n\n\n\n<p>Los requisitos son: ser mujeres de 40 a 69 a\u00f1os de edad; no estar lactando ni estar embarazada; tener por lo menos un a\u00f1o de haberse realizado el estudio de mastograf\u00eda y no presentar s\u00edntomas del padecimiento o de Covid-19; as\u00ed como disponer de un correo electr\u00f3nico para hacer llegar los resultados.<\/p>\n","protected":false},"excerpt":{"rendered":"<p>Redacci\u00f3n\/Zona Roja. Oaxaca de Ju\u00e1rez, Oax., a 26 de octubre de 2024.- La presidenta honoraria&hellip;<\/p>\n","protected":false},"author":2,"featured_media":73832,"comment_status":"closed","ping_status":"open","sticky":false,"template":"","format":"standard","meta":{"_lmt_disableupdate":"","_lmt_disable":"","_jetpack_memberships_contains_paid_content":false,"footnotes":""},"categories":[109,46],"tags":[841,3682],"class_list":["post-73829","post","type-post","status-publish","format-standard","has-post-thumbnail","hentry","category-minuto-a-minuto","category-zona-blanca","tag-dif-oaxaca","tag-irma-bolanos-quijano"],"jetpack_featured_media_url":"https:\/\/zonaroja.com.mx\/wp-content\/uploads\/2024\/10\/DIF-Oaxaca-Irma-Bolanos-capacitacion.jpeg","jetpack_sharing_enabled":true,"_links":{"self":[{"href":"https:\/\/zonaroja.com.mx\/index.php?rest_route=\/wp\/v2\/posts\/73829","targetHints":{"allow":["GET"]}}],"collection":[{"href":"https:\/\/zonaroja.com.mx\/index.php?rest_route=\/wp\/v2\/posts"}],"about":[{"href":"https:\/\/zonaroja.com.mx\/index.php?rest_route=\/wp\/v2\/types\/post"}],"author":[{"embeddable":true,"href":"https:\/\/zonaroja.com.mx\/index.php?rest_route=\/wp\/v2\/users\/2"}],"replies":[{"embeddable":true,"href":"https:\/\/zonaroja.com.mx\/index.php?rest_route=%2Fwp%2Fv2%2Fcomments&post=73829"}],"version-history":[{"count":1,"href":"https:\/\/zonaroja.com.mx\/index.php?rest_route=\/wp\/v2\/posts\/73829\/revisions"}],"predecessor-version":[{"id":73833,"href":"https:\/\/zonaroja.com.mx\/index.php?rest_route=\/wp\/v2\/posts\/73829\/revisions\/73833"}],"wp:featuredmedia":[{"embeddable":true,"href":"https:\/\/zonaroja.com.mx\/index.php?rest_route=\/wp\/v2\/media\/73832"}],"wp:attachment":[{"href":"https:\/\/zonaroja.com.mx\/index.php?rest_route=%2Fwp%2Fv2%2Fmedia&parent=73829"}],"wp:term":[{"taxonomy":"category","embeddable":true,"href":"https:\/\/zonaroja.com.mx\/index.php?rest_route=%2Fwp%2Fv2%2Fcategories&post=73829"},{"taxonomy":"post_tag","embeddable":true,"href":"https:\/\/zonaroja.com.mx\/index.php?rest_route=%2Fwp%2Fv2%2Ftags&post=73829"}],"curies":[{"name":"wp","href":"https:\/\/api.w.org\/{rel}","templated":true}]}}