{"id":7383,"date":"2020-01-07T09:27:31","date_gmt":"2020-01-07T15:27:31","guid":{"rendered":"http:\/\/www.zonaroja.com.mx\/?p=7383"},"modified":"2020-01-07T09:27:34","modified_gmt":"2020-01-07T15:27:34","slug":"manana-miercoles-regresan-a-clases-mas-de-900-mil-alumnos-en-oaxaca","status":"publish","type":"post","link":"https:\/\/zonaroja.com.mx\/?p=7383","title":{"rendered":"Ma\u00f1ana mi\u00e9rcoles regresan a clases m\u00e1s de 900 mil alumnos en Oaxaca"},"content":{"rendered":"\n<p>Redacci\u00f3n\/Zona\nRoja.<\/p>\n\n\n\n<p>Oaxaca\nde Ju\u00e1rez, Oax., 7 de enero de 2020.- Este mi\u00e9rcoles 8 de enero reanudar\u00e1n\nactividades aproximadamente 900 mil estudiantes de educaci\u00f3n b\u00e1sica de la\nentidad, inform\u00f3 el Instituto Estatal de Educaci\u00f3n P\u00fablica de Oaxaca (IEEPO).<\/p>\n\n\n\n<p>Lo\nanterior, expuso, al concluir el periodo vacacional de invierno, como lo\nestablece el calendario escolar 2019-2020, por lo cual, exhort\u00f3 a padres,\nmadres de familia y tutores preparar el regreso a clases de ni\u00f1as, ni\u00f1os y\nj\u00f3venes.<\/p>\n\n\n\n<p>Como\nlo marca el calendario escolar, emitido por la Secretar\u00eda de Educaci\u00f3n P\u00fablica\n(SEP), en 11 mil 203 escuelas p\u00fablicas y privadas, m\u00e1s de 82 mil trabajadores,\nentre directivos, docentes y personal de apoyo a la educaci\u00f3n se reintegrar\u00e1n\nsin contratiempos a sus labores en los horarios establecidos.<\/p>\n\n\n\n<p>De\nesta manera, en educaci\u00f3n preescolar, primaria y secundaria, as\u00ed como en las\nescuelas normales se continuar\u00e1 con los programas y planes de estudio, que a la\nfecha se est\u00e1n cubriendo al 100 por ciento en la entidad, detall\u00f3 en un\ncomunicado.<\/p>\n\n\n\n<p>Agreg\u00f3\nque el director general del IEEPO, Francisco \u00c1ngel Villarreal, reconoci\u00f3 los\nesfuerzos de los docentes, padres de familia y los alumnos para lograr las\nmetas educativas establecidas. Asimismo, les dese\u00f3 \u00e9xito en su retorno a clases\ny en las dem\u00e1s actividades acad\u00e9micas que realicen en los pr\u00f3ximos meses que\nrestan del ciclo escolar actual.<\/p>\n\n\n\n<p>Reiter\u00f3\ntambi\u00e9n el compromiso del Gobernador del Estado, Alejandro Murat Hinojosa, con\nla educaci\u00f3n de los ni\u00f1os, ni\u00f1as y adolescentes para fortalecer su preparaci\u00f3n\nen las aulas y resalt\u00f3 que hoy los gobiernos de M\u00e9xico y de Oaxaca son aliados\ndel magisterio y de acuerdo con los nuevos marcos normativos, se da respuesta a\nlos trabajadores de la educaci\u00f3n.<\/p>\n\n\n\n<p>Por\notra parte, ante las bajas temperaturas que afectan al territorio oaxaque\u00f1o, el\nInstituto Estatal de Educaci\u00f3n P\u00fablica de Oaxaca recomend\u00f3 a las madres y\npadres de familia tomen las medidas correspondientes para el cuidado de la\nsalud de los escolares y revisen los protocolos de emergencia en las escuelas\nde educaci\u00f3n b\u00e1sica de esas zonas de la entidad.<\/p>\n\n\n\n<p>El\nperiodo vacacional de invierno en educaci\u00f3n b\u00e1sica comprendi\u00f3 a partir del 23\nde diciembre de 2019 y concluye este 7 de enero de 2020.<\/p>\n","protected":false},"excerpt":{"rendered":"<p>Redacci\u00f3n\/Zona Roja. Oaxaca de Ju\u00e1rez, Oax., 7 de enero de 2020.- Este mi\u00e9rcoles 8 de&hellip;<\/p>\n","protected":false},"author":2,"featured_media":7384,"comment_status":"closed","ping_status":"open","sticky":false,"template":"","format":"standard","meta":{"_lmt_disableupdate":"","_lmt_disable":"","_jetpack_memberships_contains_paid_content":false,"footnotes":""},"categories":[109,46],"tags":[599],"class_list":["post-7383","post","type-post","status-publish","format-standard","has-post-thumbnail","hentry","category-minuto-a-minuto","category-zona-blanca","tag-instituto-estatal-de-educacion-publica-de-oaxaca"],"jetpack_featured_media_url":"https:\/\/zonaroja.com.mx\/wp-content\/uploads\/2020\/01\/Escuelas-Oaxaca-1.jpg","jetpack_sharing_enabled":true,"_links":{"self":[{"href":"https:\/\/zonaroja.com.mx\/index.php?rest_route=\/wp\/v2\/posts\/7383","targetHints":{"allow":["GET"]}}],"collection":[{"href":"https:\/\/zonaroja.com.mx\/index.php?rest_route=\/wp\/v2\/posts"}],"about":[{"href":"https:\/\/zonaroja.com.mx\/index.php?rest_route=\/wp\/v2\/types\/post"}],"author":[{"embeddable":true,"href":"https:\/\/zonaroja.com.mx\/index.php?rest_route=\/wp\/v2\/users\/2"}],"replies":[{"embeddable":true,"href":"https:\/\/zonaroja.com.mx\/index.php?rest_route=%2Fwp%2Fv2%2Fcomments&post=7383"}],"version-history":[{"count":1,"href":"https:\/\/zonaroja.com.mx\/index.php?rest_route=\/wp\/v2\/posts\/7383\/revisions"}],"predecessor-version":[{"id":7385,"href":"https:\/\/zonaroja.com.mx\/index.php?rest_route=\/wp\/v2\/posts\/7383\/revisions\/7385"}],"wp:featuredmedia":[{"embeddable":true,"href":"https:\/\/zonaroja.com.mx\/index.php?rest_route=\/wp\/v2\/media\/7384"}],"wp:attachment":[{"href":"https:\/\/zonaroja.com.mx\/index.php?rest_route=%2Fwp%2Fv2%2Fmedia&parent=7383"}],"wp:term":[{"taxonomy":"category","embeddable":true,"href":"https:\/\/zonaroja.com.mx\/index.php?rest_route=%2Fwp%2Fv2%2Fcategories&post=7383"},{"taxonomy":"post_tag","embeddable":true,"href":"https:\/\/zonaroja.com.mx\/index.php?rest_route=%2Fwp%2Fv2%2Ftags&post=7383"}],"curies":[{"name":"wp","href":"https:\/\/api.w.org\/{rel}","templated":true}]}}