{"id":73834,"date":"2024-10-26T10:56:00","date_gmt":"2024-10-26T16:56:00","guid":{"rendered":"https:\/\/zonaroja.com.mx\/?p=73834"},"modified":"2024-10-26T07:57:23","modified_gmt":"2024-10-26T13:57:23","slug":"registra-ong-en-oaxaca-80-asesinatos-de-mujeres-este-ano","status":"publish","type":"post","link":"https:\/\/zonaroja.com.mx\/?p=73834","title":{"rendered":"Registra ONG en Oaxaca 80 asesinatos de mujeres este a\u00f1o"},"content":{"rendered":"\n<p>Redacci\u00f3n\/Estado 20.<\/p>\n\n\n\n<p>Oaxaca de Ju\u00e1rez, Oax., a 26 de octubre de 2024.- En Oaxaca, en lo que va del a\u00f1o 2024, un total de 80 mujeres han sido asesinadas de forma violenta, 68 por ciento de estos casos fueron perpetrados con armas de fuego, seg\u00fan datos del monitoreo hemerogr\u00e1fico del Centro de Documentaci\u00f3n del GesMujer con corte al 23 de octubre.<\/p>\n\n\n\n<p>De estos casos, registrados por GESMujer, el 28% de los asesinatos violentos correspondi\u00f3 a mujeres de 30 a 44 a\u00f1os, el 28% de ellas, fueron localizadas en el \u201chogar\u201d lugar en el que tendr\u00edan que estar protegidas, recrimin\u00f3 la organizaci\u00f3n no gubernamental.<\/p>\n\n\n\n<p>\u00abM\u00e1s all\u00e1 de las estad\u00edsticas, cada ni\u00f1a y mujer v\u00edctimas de una violencia feminicida que crece, se extiende y atenta contra las m\u00e1s vulnerables, por ello, como GesMujer expresamos nuestra preocupaci\u00f3n porque a cada una de ellas, el Estado les fall\u00f3. Dolor, indignaci\u00f3n e impunidad es lo que enfrentan sus hijas, hijos, madres, padres, familias enteras, como consecuencia de negligencias u omisiones de Estado que vulner\u00f3 sus derechos\u00bb, expuso la organizaci\u00f3n civil.<\/p>\n\n\n\n<p>Los Valles Centrales es la regi\u00f3n que concentr\u00f3 el m\u00e1s alto n\u00famero de feminicidios al acumular 58 casos que en t\u00e9rminos porcentuales alcanza el 31%, le sigue el Istmo con 19 casos, la Costa con 14 casos, la Sierra Sur con 10, la Mixteca con 6 y la Cuenca con 6 respectivamente.<\/p>\n","protected":false},"excerpt":{"rendered":"<p>Redacci\u00f3n\/Estado 20. Oaxaca de Ju\u00e1rez, Oax., a 26 de octubre de 2024.- En Oaxaca, en&hellip;<\/p>\n","protected":false},"author":2,"featured_media":69878,"comment_status":"closed","ping_status":"open","sticky":false,"template":"","format":"standard","meta":{"_lmt_disableupdate":"","_lmt_disable":"","_jetpack_memberships_contains_paid_content":false,"footnotes":""},"categories":[109,47],"tags":[1081],"class_list":["post-73834","post","type-post","status-publish","format-standard","has-post-thumbnail","hentry","category-minuto-a-minuto","category-zona-gris","tag-feminicidios-en-oaxaca"],"jetpack_featured_media_url":"https:\/\/zonaroja.com.mx\/wp-content\/uploads\/2024\/06\/feminicidio-violencia.webp","jetpack_sharing_enabled":true,"_links":{"self":[{"href":"https:\/\/zonaroja.com.mx\/index.php?rest_route=\/wp\/v2\/posts\/73834","targetHints":{"allow":["GET"]}}],"collection":[{"href":"https:\/\/zonaroja.com.mx\/index.php?rest_route=\/wp\/v2\/posts"}],"about":[{"href":"https:\/\/zonaroja.com.mx\/index.php?rest_route=\/wp\/v2\/types\/post"}],"author":[{"embeddable":true,"href":"https:\/\/zonaroja.com.mx\/index.php?rest_route=\/wp\/v2\/users\/2"}],"replies":[{"embeddable":true,"href":"https:\/\/zonaroja.com.mx\/index.php?rest_route=%2Fwp%2Fv2%2Fcomments&post=73834"}],"version-history":[{"count":1,"href":"https:\/\/zonaroja.com.mx\/index.php?rest_route=\/wp\/v2\/posts\/73834\/revisions"}],"predecessor-version":[{"id":73835,"href":"https:\/\/zonaroja.com.mx\/index.php?rest_route=\/wp\/v2\/posts\/73834\/revisions\/73835"}],"wp:featuredmedia":[{"embeddable":true,"href":"https:\/\/zonaroja.com.mx\/index.php?rest_route=\/wp\/v2\/media\/69878"}],"wp:attachment":[{"href":"https:\/\/zonaroja.com.mx\/index.php?rest_route=%2Fwp%2Fv2%2Fmedia&parent=73834"}],"wp:term":[{"taxonomy":"category","embeddable":true,"href":"https:\/\/zonaroja.com.mx\/index.php?rest_route=%2Fwp%2Fv2%2Fcategories&post=73834"},{"taxonomy":"post_tag","embeddable":true,"href":"https:\/\/zonaroja.com.mx\/index.php?rest_route=%2Fwp%2Fv2%2Ftags&post=73834"}],"curies":[{"name":"wp","href":"https:\/\/api.w.org\/{rel}","templated":true}]}}