{"id":73836,"date":"2024-10-26T11:57:00","date_gmt":"2024-10-26T17:57:00","guid":{"rendered":"https:\/\/zonaroja.com.mx\/?p=73836"},"modified":"2024-10-26T07:58:22","modified_gmt":"2024-10-26T13:58:22","slug":"arrecia-israel-ataques-aereos-contra-iran-luego-anuncia-cese","status":"publish","type":"post","link":"https:\/\/zonaroja.com.mx\/?p=73836","title":{"rendered":"Arrecia Israel ataques a\u00e9reos contra Ir\u00e1n; luego anuncia cese"},"content":{"rendered":"\n<p>Redacci\u00f3n\/Zona Roja Cdmx.<\/p>\n\n\n\n<p>Ciudad de M\u00e9xico, a 26 de octubre de 2024.- El Ej\u00e9rcito israel\u00ed anunci\u00f3 este s\u00e1bado el fin de su respuesta contra Ir\u00e1n tras varias horas de \u201cprecisos ataques contra objetivos militares\u201d del pa\u00eds en represalia, indic\u00f3, \u201ca los meses de continuos ataques del r\u00e9gimen de Ir\u00e1n contra el Estado de Israel\u201c.<\/p>\n\n\n\n<p>\u201cPuedo confirmar que hemos concluido la respuesta de Israel a los ataques de Ir\u00e1n contra Israel\u201c, anunci\u00f3 el portavoz de la Fuerzas para la Defensa de Israel (IDF, en sus siglas en ingl\u00e9s), Daniel Hagari, en un comunicado poco despu\u00e9s de las 6:00 h local.<\/p>\n\n\n\n<p>En el mismo se\u00f1al\u00f3 que las IDF llevaron a cabo \u201cataques dirigidos y precisos\u201d contra objetivos militares en Ir\u00e1n, \u201cfrustrando amenazas inmediatas al Estado de Israel\u201d, menos de cuatro horas despu\u00e9s de que un anuncio anterior del Ej\u00e9rcito israel\u00ed informara del inicio de los ataques.<\/p>\n\n\n\n<p>Hagari se\u00f1al\u00f3 tras informar de la conclusi\u00f3n de los ataques que los aviones del Ej\u00e9rcito israel\u00ed hab\u00edan regresado \u201ca salvo\u201d y que el ataque hab\u00eda sido \u201ccompletado\u201d y los objetivos \u201ccumplidos\u201d.<\/p>\n\n\n\n<p>Seg\u00fan detall\u00f3, los ataques se dirigieron contra instalaciones para la fabricaci\u00f3n de misiles \u201cutilizados por Ir\u00e1n en sus ataques contra el Estado de Israel en el \u00faltimo a\u00f1o\u201d, y, simult\u00e1neamente, contra misiles tierra-aire y otros elementos que \u201cse pretend\u00edan utilizar para restringir la libertad de las operaciones a\u00e9reas de Israel en Ir\u00e1n\u201d.<\/p>\n\n\n\n<p>\u201cIr\u00e1n ha atacado a Israel dos veces, incluyendo en \u00e1reas que pon\u00edan en peligro la vida de los civiles, y ha pagado el precio por ello. Estamos centrados en nuestros objetivos en la Franja de Gaza y en L\u00edbano. Es Ir\u00e1n quien contin\u00faa provocando una mayor escalada regional\u201c, a\u00f1adi\u00f3 el portavoz de las IDF.<\/p>\n\n\n\n<p>Ir\u00e1n atac\u00f3 Israel el 1 de octubre con unos 180 misiles en respuesta al asesinato del l\u00edder del grupo chi\u00ed liban\u00e9s Hezbol\u00e1, Has\u00e1n Nasrallah, en Beirut, y del l\u00edder de la milicia palestina Ham\u00e1s, Ismael Haniyeh, en Teher\u00e1n en julio, ambas facciones respaldadas por Teher\u00e1n.<\/p>\n\n\n\n<p>Este fue el segundo ataque de Ir\u00e1n contra Israel desde que el pasado mes de abril atacara por primera vez territorio israel\u00ed en otra serie de bombardeos con misiles y drones.<\/p>\n\n\n\n<p>Esta s\u00e1bado la Organizaci\u00f3n de la Aviaci\u00f3n Civil iran\u00ed hab\u00eda anunciado por su parte la cancelaci\u00f3n de los vuelos en todo el pa\u00eds hasta nuevo aviso, en medio del ataque israel\u00ed contra la naci\u00f3n persa, inform\u00f3 la agencia estatal IRNA.<\/p>\n\n\n\n<p>Medios estatales iran\u00edes informaron de que en la primera oleada del ataque israel\u00ed el objetivo fueron bases militares en el oeste y suroeste de Teher\u00e1n, pero aseguraron que los misiles fueron repelidos por los sistemas de defensa.<\/p>\n\n\n\n<p>\u201cNing\u00fan misil o ataque ha golpeado ninguna base militar de la Guardia en el oeste y suroeste de Teher\u00e1n\u201d, indic\u00f3 Tasnim, que cit\u00f3 fuentes an\u00f3nimas de seguridad.<\/p>\n\n\n\n<p>\u201cLos sonidos (de explosiones) se debieron a las acciones de los sistemas de defensa del Ej\u00e9rcito en tres lugares alrededor de Teher\u00e1n contra la acci\u00f3n militar israel\u00ed\u201d, a\u00f1adi\u00f3.<\/p>\n\n\n\n<p>M\u00e1s tarde se produjo un segundo ataque en el centro y este de la capital iran\u00ed, pero se desconoce el objetivo.<\/p>\n\n\n\n<p>El primer ministro israel\u00ed, Benjamin Netanyahu, mantuvo esta madrugada una reuni\u00f3n de seguridad en el centro de operaciones de las fuerzas a\u00e9reas de Kirya (Tel Aviv) con el ministro de Defensa, el jefe de personal de las IDF, el director del Mossad y el jefe de la agencia de seguridad israel\u00ed.<\/p>\n\n\n\n<p>Las autoridades iran\u00edes han advertido en numerosas ocasiones que responder\u00e1n con dureza a una posible represalia israel\u00ed por el ataque de octubre.<\/p>\n\n\n\n<p>(Con informaci\u00f3n de EFE, en L\u00f3pez-D\u00f3riga Digital)<\/p>\n","protected":false},"excerpt":{"rendered":"<p>Redacci\u00f3n\/Zona Roja Cdmx. Ciudad de M\u00e9xico, a 26 de octubre de 2024.- El Ej\u00e9rcito israel\u00ed&hellip;<\/p>\n","protected":false},"author":2,"featured_media":67291,"comment_status":"closed","ping_status":"open","sticky":false,"template":"","format":"standard","meta":{"_lmt_disableupdate":"","_lmt_disable":"","_jetpack_memberships_contains_paid_content":false,"footnotes":""},"categories":[109,47],"tags":[3909],"class_list":["post-73836","post","type-post","status-publish","format-standard","has-post-thumbnail","hentry","category-minuto-a-minuto","category-zona-gris","tag-guerra-iran-israel"],"jetpack_featured_media_url":"https:\/\/zonaroja.com.mx\/wp-content\/uploads\/2024\/04\/Guerra-Iran-Israel.jpg","jetpack_sharing_enabled":true,"_links":{"self":[{"href":"https:\/\/zonaroja.com.mx\/index.php?rest_route=\/wp\/v2\/posts\/73836","targetHints":{"allow":["GET"]}}],"collection":[{"href":"https:\/\/zonaroja.com.mx\/index.php?rest_route=\/wp\/v2\/posts"}],"about":[{"href":"https:\/\/zonaroja.com.mx\/index.php?rest_route=\/wp\/v2\/types\/post"}],"author":[{"embeddable":true,"href":"https:\/\/zonaroja.com.mx\/index.php?rest_route=\/wp\/v2\/users\/2"}],"replies":[{"embeddable":true,"href":"https:\/\/zonaroja.com.mx\/index.php?rest_route=%2Fwp%2Fv2%2Fcomments&post=73836"}],"version-history":[{"count":1,"href":"https:\/\/zonaroja.com.mx\/index.php?rest_route=\/wp\/v2\/posts\/73836\/revisions"}],"predecessor-version":[{"id":73837,"href":"https:\/\/zonaroja.com.mx\/index.php?rest_route=\/wp\/v2\/posts\/73836\/revisions\/73837"}],"wp:featuredmedia":[{"embeddable":true,"href":"https:\/\/zonaroja.com.mx\/index.php?rest_route=\/wp\/v2\/media\/67291"}],"wp:attachment":[{"href":"https:\/\/zonaroja.com.mx\/index.php?rest_route=%2Fwp%2Fv2%2Fmedia&parent=73836"}],"wp:term":[{"taxonomy":"category","embeddable":true,"href":"https:\/\/zonaroja.com.mx\/index.php?rest_route=%2Fwp%2Fv2%2Fcategories&post=73836"},{"taxonomy":"post_tag","embeddable":true,"href":"https:\/\/zonaroja.com.mx\/index.php?rest_route=%2Fwp%2Fv2%2Ftags&post=73836"}],"curies":[{"name":"wp","href":"https:\/\/api.w.org\/{rel}","templated":true}]}}