{"id":73840,"date":"2024-10-26T14:02:00","date_gmt":"2024-10-26T20:02:00","guid":{"rendered":"https:\/\/zonaroja.com.mx\/?p=73840"},"modified":"2024-10-26T08:02:52","modified_gmt":"2024-10-26T14:02:52","slug":"rinde-diputada-nancy-benitez-su-tercer-informe-de-actividades-legislativas","status":"publish","type":"post","link":"https:\/\/zonaroja.com.mx\/?p=73840","title":{"rendered":"Rinde diputada Nancy Ben\u00edtez su tercer informe de actividades legislativas"},"content":{"rendered":"\n<p>Redacci\u00f3n\/Zona Roja.<\/p>\n\n\n\n<p>Oaxaca de Ju\u00e1rez, Oax. 25 de octubre de 2024.- La legisladora por el Distrito XV con cabecera en Santa Cruz Xoxocotl\u00e1n, Nancy Ben\u00edtez Z\u00e1rate, rindi\u00f3 este viernes su tercer informe de actividades como diputada del Congreso de Oaxaca.<\/p>\n\n\n\n<p>En el recinto legislativo, la congresista destac\u00f3 sus iniciativas que impuls\u00f3 como la reforma a la Ley Org\u00e1nica del Tribunal Electoral del Estado, para la creaci\u00f3n de la Defensor\u00eda de los Derechos Pol\u00edtico-Electorales de las Mujeres y Grupos Vulnerables de Oaxaca; as\u00ed como la reforma a la Ley Estatal de Salud, para que las autoridades sanitarias, educativas y laborales fomenten programas de atenci\u00f3n y erradicaci\u00f3n de embarazos en las ni\u00f1as y adolescentes.<\/p>\n\n\n\n<p>\u201cLes dije que legislar\u00edamos juntos (ciudadan\u00eda) y as\u00ed lo hice, logramos avanzar en \u00e1reas fundamentales. Aprobamos leyes y reformas que no solo modernizan nuestro marco legal, sino que buscan hacer de nuestro estado un lugar m\u00e1s justo, equitativo y pr\u00f3spero. Impulsamos pol\u00edticas que fortalecen la educaci\u00f3n, mejoran el acceso a la salud y promueven el desarrollo econ\u00f3mico\u201d, declar\u00f3.<\/p>\n\n\n\n<p>\u201cTrabajamos incansablemente para fortalecer el marco jur\u00eddico de sectores clave como la educaci\u00f3n, la salud, artesan\u00edas, cultura y el desarrollo social. Asimismo, logramos importantes avances en materia deportiva con nuestros atletas paral\u00edmpicos\u201d, manifest\u00f3.<\/p>\n\n\n\n<p>Durante este ejercicio de rendici\u00f3n de cuentas, el presidente de la Junta de Coordinaci\u00f3n Pol\u00edtica, Sergio L\u00f3pez S\u00e1nchez, expres\u00f3 su reconocimiento a la legisladora por sus acciones impulsadas como congresista y como integrante de las comisiones legislativas donde atendieron m\u00e1s de 400 asuntos, para la transformaci\u00f3n de la vida p\u00fablica de Oaxaca.<\/p>\n\n\n\n<p>\u201cComo presidenta de la Comisi\u00f3n Permanente de Administraci\u00f3n P\u00fablica, coordin\u00f3 lo trabajos para dictaminar iniciativas muy importantes para la vida p\u00fablica de nuestro estado, como la reforma a la Ley Org\u00e1nica del Poder Ejecutivo del Estado de Oaxaca, as\u00ed como la Ley de Entidades Paraestatales, con la finalidad de nombrar y dotar de facultades a las diversas dependencias y entidades para el buen funcionamiento de la administraci\u00f3n p\u00fablica\u201d, detall\u00f3.<\/p>\n\n\n\n<p>Igualmente, \u201cla nueva Ley Estatal de Austeridad Republicana, o la Ley de Entidades Paraestatales para dotar de atribuciones a un organismo descentralizado especializado para combatir las operaciones realizadas con recursos de procedencia il\u00edcita. Por todas estas acciones, nuestra amiga diputada se destac\u00f3 como una de las m\u00e1s productivas de esta Legislatura\u201d, afirm\u00f3 el legislador. &nbsp;<\/p>\n\n\n\n<p>Al tercer informe de actividades, asistieron pobladores de los municipios que conforman el Distrito XV: San Raymundo Jalpan, Villa de Zaachila, Cuil\u00e1pam de Guerrero, San Antonio de la Cal y Santa Cruz Xoxocotl\u00e1n.<\/p>\n\n\n\n<p>Asimismo, autoridades municipales, la secretaria de Turismo, Saymi Pineda Velasco; el titular de la Secretar\u00eda de Fomento Agroalimentario y Desarrollo Rural, V\u00edctor L\u00f3pez Leyva; diputadas y diputados de la LXV Legislatura local; diputados electos de la pr\u00f3xima Legislatura; la presidenta del Partido Fuerza por M\u00e9xico, Mar\u00eda Salom\u00e9 Mart\u00ednez Salazar; e integrantes del Comit\u00e9 Ejecutivo Estatal de Morena, que preside Benjam\u00edn Viveros Montalvo.<\/p>\n","protected":false},"excerpt":{"rendered":"<p>Redacci\u00f3n\/Zona Roja. Oaxaca de Ju\u00e1rez, Oax. 25 de octubre de 2024.- La legisladora por el&hellip;<\/p>\n","protected":false},"author":2,"featured_media":73830,"comment_status":"closed","ping_status":"open","sticky":false,"template":"","format":"standard","meta":{"_lmt_disableupdate":"","_lmt_disable":"","_jetpack_memberships_contains_paid_content":false,"footnotes":""},"categories":[109,46],"tags":[3376],"class_list":["post-73840","post","type-post","status-publish","format-standard","has-post-thumbnail","hentry","category-minuto-a-minuto","category-zona-blanca","tag-nancy-benitez"],"jetpack_featured_media_url":"https:\/\/zonaroja.com.mx\/wp-content\/uploads\/2024\/10\/Rinde-diputada-Nancy-Benitez-su-tercer-informe-de-actividades-legislativas_4.jpeg","jetpack_sharing_enabled":true,"_links":{"self":[{"href":"https:\/\/zonaroja.com.mx\/index.php?rest_route=\/wp\/v2\/posts\/73840","targetHints":{"allow":["GET"]}}],"collection":[{"href":"https:\/\/zonaroja.com.mx\/index.php?rest_route=\/wp\/v2\/posts"}],"about":[{"href":"https:\/\/zonaroja.com.mx\/index.php?rest_route=\/wp\/v2\/types\/post"}],"author":[{"embeddable":true,"href":"https:\/\/zonaroja.com.mx\/index.php?rest_route=\/wp\/v2\/users\/2"}],"replies":[{"embeddable":true,"href":"https:\/\/zonaroja.com.mx\/index.php?rest_route=%2Fwp%2Fv2%2Fcomments&post=73840"}],"version-history":[{"count":1,"href":"https:\/\/zonaroja.com.mx\/index.php?rest_route=\/wp\/v2\/posts\/73840\/revisions"}],"predecessor-version":[{"id":73841,"href":"https:\/\/zonaroja.com.mx\/index.php?rest_route=\/wp\/v2\/posts\/73840\/revisions\/73841"}],"wp:featuredmedia":[{"embeddable":true,"href":"https:\/\/zonaroja.com.mx\/index.php?rest_route=\/wp\/v2\/media\/73830"}],"wp:attachment":[{"href":"https:\/\/zonaroja.com.mx\/index.php?rest_route=%2Fwp%2Fv2%2Fmedia&parent=73840"}],"wp:term":[{"taxonomy":"category","embeddable":true,"href":"https:\/\/zonaroja.com.mx\/index.php?rest_route=%2Fwp%2Fv2%2Fcategories&post=73840"},{"taxonomy":"post_tag","embeddable":true,"href":"https:\/\/zonaroja.com.mx\/index.php?rest_route=%2Fwp%2Fv2%2Ftags&post=73840"}],"curies":[{"name":"wp","href":"https:\/\/api.w.org\/{rel}","templated":true}]}}