{"id":73844,"date":"2024-10-26T12:20:00","date_gmt":"2024-10-26T18:20:00","guid":{"rendered":"https:\/\/zonaroja.com.mx\/?p=73844"},"modified":"2024-10-26T09:22:54","modified_gmt":"2024-10-26T15:22:54","slug":"violencia-criminal-destaca-en-gobierno-de-sheinbaum-van-1792-homicidios","status":"publish","type":"post","link":"https:\/\/zonaroja.com.mx\/?p=73844","title":{"rendered":"Violencia criminal destaca en gobierno de Sheinbaum; van 1,792 homicidios"},"content":{"rendered":"\n<p>Redacci\u00f3n\/Zona Roja Cdmx.<\/p>\n\n\n\n<p>Ciudad de M\u00e9xico, a 26 de octubre de 2024.- La violencia ha marcado el arranque del gobierno de Claudia Sheinbaum: los primeros 24 d\u00edas de su administraci\u00f3n se han registrado 1,792 homicidios dolosos y hechos de alto impacto como la explosi\u00f3n de coches bomba, el hallazgo de cuerpos abandonados, el asesinato de un sacerdote, narcomensajes y enfrentamientos entre miembros del crimen organizado.<\/p>\n\n\n\n<p>Esta nueva una ola de violencia, que azota en entidades como Sinaloa, Chiapas, Guerrero y Guanajuato, se da despu\u00e9s de que el sexenio del expresidente Andres Manuel L\u00f3pez Obrador cerr\u00f3 con 199,619 homicidios dolosos, la cifra m\u00e1s alta en la historia del pa\u00eds.<\/p>\n\n\n\n<p>El promedio diario de los primeros 24 d\u00edas de la administraci\u00f3n de Sheinbaum es de 74 homicidios dolosos. De ah\u00ed que la morenista anunci\u00f3 que la pr\u00f3xima semana su gabinete presentar\u00e1 un informe sobre los episodios de violencia y su estrategia de seguridad, que se basa en cuatro ejes: atenci\u00f3n a las causas, consolidaci\u00f3n de la Guardia Nacional; fortalecimiento de la inteligencia e investigaci\u00f3n; y coordinaci\u00f3n con las entidades federativas.<\/p>\n\n\n\n<p>DE NORTE A SUR<\/p>\n\n\n\n<p>La ola de violencia se ha extendido pr\u00e1cticamente por todo el pa\u00eds.<\/p>\n\n\n\n<p>En Guanajuato, el jueves se report\u00f3 la explosi\u00f3n de dos coches bomba en Ac\u00e1mbaro y otro en Jer\u00e9cuaro.<\/p>\n\n\n\n<p>En Sinaloa, la confrontaci\u00f3n entre \u201cLos Chapitos\u201d y \u201cLos Mayitos\u201d ha dejado 247 homicidios. El secretario de la Defensa Nacional, Ricardo Trevilla Trejo, reconoci\u00f3 que tras la detenci\u00f3n del capo Ismael \u201cEl Mayo\u201d se desat\u00f3 la ola de violencia.<\/p>\n\n\n\n<p>\u201cEl origen del problema que se est\u00e1 presentando en Sinaloa fue la detenci\u00f3n de un delincuente por parte de las autoridades de Estados Unidos. Eso deton\u00f3 mucho la violencia\u201d, dijo.<\/p>\n\n\n\n<p>Guerrero tambi\u00e9n ha enfrentado d\u00edas violentos. A seis d\u00edas de haber asumido el cargo, Alejandro Arcos, alcalde de Chilpancingo, fue asesinado y decapitado. Ese fue el segundo homicidio de una autoridad en este sexenio, pues tres d\u00edas antes hab\u00eda sido asesinado Francisco Tapia, secretario del presidente municipal.<\/p>\n\n\n\n<p>Este viernes, la Fiscal\u00eda de Guerrero inform\u00f3 del homicidio del exalcalde de Huamuxtitl\u00e1n, Aurelio M\u00e9ndez, y de su ch\u00f3fer, identificado como Cristo \u201cN\u201d.<\/p>\n\n\n\n<p>Hace unos d\u00edas, en Chiapas fue asesinado el sacerdote Marcelo P\u00e9rez, quien luego de ofrecer misa en Tuxtla Guti\u00e9rrez, fue agredido por un hombre que se trasladaba en una motocicleta.<\/p>\n\n\n\n<p>SE RADICALIZA<\/p>\n\n\n\n<p>El secretario de la Defensa Nacional, Ricardo Trevilla Trejo, reconoci\u00f3 que los integrantes del crimen organizado se han vuelto m\u00e1s violentos.<\/p>\n\n\n\n<p>\u00abLos sicarios cada vez son m\u00e1s violentos y est\u00e1n dispuestos a dar la vida de sus protegidos de sus escoltados. Por otro lado, el personal militar que asiste a este tipo de eventos es personal capacitado, adiestrado, con mucha disciplina, con equipo de protecci\u00f3n, chalecos antibalas, cascos, entonces el resultado de enfrentamiento es que ah\u00ed se detuvo al l\u00edder por el que iban\u00bb, explic\u00f3 en la conferencia matutina presidencial de este viernes.<\/p>\n\n\n\n<p>El general agreg\u00f3 que a partir de la detenci\u00f3n de \u201cEl Mayo\u201d en Estados Unidos, tambi\u00e9n se han incrementado las llamadas \u00abnarcoescoltas\u201d.<\/p>\n\n\n\n<p>\u00abAl respecto, como ustedes saben el origen fueron la detenci\u00f3n por parte de un delincuente por parte de las autoridades de Estados Unidos y eso ha hecho que los criminales sean m\u00e1s violentos y que est\u00e9n m\u00e1s armados y tambi\u00e9n que cuiden m\u00e1s a sus l\u00edderes, despu\u00e9s de la captura de Ovidio sobre todo en Sinaloa los delincuentes aumentaron mucho sus escoltas\u00bb, detall\u00f3.<\/p>\n\n\n\n<p>MENSAJE CRIMINAL<\/p>\n\n\n\n<p>En algunas entidades, como en Sinaloa, adem\u00e1s de la violencia, grupos criminales han optado por enviar mensajes a autoridades y a la poblaci\u00f3n.<\/p>\n\n\n\n<p>\u201cNo descansaremos hasta entrar a Culiac\u00e1n, queremos poner orden y acabar con tanto abuso cometido por Los Chapos, para esto necesitamos derrocar a este gobierno que los apoya\u201d, se lee en volantes atribuidos a la organizaci\u00f3n del \u201cEl Mayo\u201d Zambada.<\/p>\n\n\n\n<p>LOS ATAQUES<\/p>\n\n\n\n<p>En los \u00faltimos d\u00edas, elementos de las Fuerzas Armadas tambi\u00e9n han sido el blanco de la violencia.<\/p>\n\n\n\n<p>La presidenta de M\u00e9xico explic\u00f3 que en Sinaloa, luego de la detenci\u00f3n de Edwin Rubio \u00abEl Max\u00bb, jefe de una c\u00e9lula delictiva de \u201cEl Mayo\u201d, se registr\u00f3 un ataque hacia elementos de seguridad.<\/p>\n\n\n\n<p>\u201cFue una detenci\u00f3n y ah\u00ed hubo ataque a las Fuerzas Armadas que iban a detener a este delincuente, y se respondi\u00f3 dentro del marco de la ley. El martes pr\u00f3ximo viene el informe ya del Gabinete de Seguridad, ah\u00ed se pueden dar detalles de este operativo y de otros operativos que ha habido, pero fue un ataque y una respuesta por parte de quienes fueron a detener a este delincuente\u201d, explic\u00f3 el jueves.<\/p>\n\n\n\n<p>En Tecpan de Galeana, Guerrero, tambi\u00e9n se registr\u00f3 un ataque a las Fuerzas Armadas, aunque \u00e9stas no eran el objetivo, de acuerdo con el secretario de Seguridad y Protecci\u00f3n Ciudadana, Omar Garc\u00eda Harfuch.<\/p>\n\n\n\n<p>\u201cEsta incursi\u00f3n de este grupo armado, es importante, ellos no iban originalmente agredir al ej\u00e9rcito, ellos iban a agredir al grupo delincuencial que estaba dentro de Tecpan de Galeana\u00bb.<\/p>\n\n\n\n<p>\u00abLa presencia del Ej\u00e9rcito, de Marina, de Guardia Nacional, el gran despliegue que obedecen de este territorio, pues por supuesto es la finalidad de la estrategia de seguridad de proteger y apoyar a la ciudadan\u00eda\u201d, inform\u00f3 este viernes.<\/p>\n\n\n\n<p>(Informaci\u00f3n de \u201cExpansi\u00f3n Pol\u00edtica)<\/p>\n","protected":false},"excerpt":{"rendered":"<p>Redacci\u00f3n\/Zona Roja Cdmx. Ciudad de M\u00e9xico, a 26 de octubre de 2024.- La violencia ha&hellip;<\/p>\n","protected":false},"author":2,"featured_media":73765,"comment_status":"closed","ping_status":"open","sticky":false,"template":"","format":"standard","meta":{"_lmt_disableupdate":"","_lmt_disable":"","_jetpack_memberships_contains_paid_content":false,"footnotes":""},"categories":[109,47],"tags":[1746],"class_list":["post-73844","post","type-post","status-publish","format-standard","has-post-thumbnail","hentry","category-minuto-a-minuto","category-zona-gris","tag-violencia-en-mexico"],"jetpack_featured_media_url":"https:\/\/zonaroja.com.mx\/wp-content\/uploads\/2024\/10\/Coche-bomba-Guanajuato.jpeg","jetpack_sharing_enabled":true,"_links":{"self":[{"href":"https:\/\/zonaroja.com.mx\/index.php?rest_route=\/wp\/v2\/posts\/73844","targetHints":{"allow":["GET"]}}],"collection":[{"href":"https:\/\/zonaroja.com.mx\/index.php?rest_route=\/wp\/v2\/posts"}],"about":[{"href":"https:\/\/zonaroja.com.mx\/index.php?rest_route=\/wp\/v2\/types\/post"}],"author":[{"embeddable":true,"href":"https:\/\/zonaroja.com.mx\/index.php?rest_route=\/wp\/v2\/users\/2"}],"replies":[{"embeddable":true,"href":"https:\/\/zonaroja.com.mx\/index.php?rest_route=%2Fwp%2Fv2%2Fcomments&post=73844"}],"version-history":[{"count":1,"href":"https:\/\/zonaroja.com.mx\/index.php?rest_route=\/wp\/v2\/posts\/73844\/revisions"}],"predecessor-version":[{"id":73845,"href":"https:\/\/zonaroja.com.mx\/index.php?rest_route=\/wp\/v2\/posts\/73844\/revisions\/73845"}],"wp:featuredmedia":[{"embeddable":true,"href":"https:\/\/zonaroja.com.mx\/index.php?rest_route=\/wp\/v2\/media\/73765"}],"wp:attachment":[{"href":"https:\/\/zonaroja.com.mx\/index.php?rest_route=%2Fwp%2Fv2%2Fmedia&parent=73844"}],"wp:term":[{"taxonomy":"category","embeddable":true,"href":"https:\/\/zonaroja.com.mx\/index.php?rest_route=%2Fwp%2Fv2%2Fcategories&post=73844"},{"taxonomy":"post_tag","embeddable":true,"href":"https:\/\/zonaroja.com.mx\/index.php?rest_route=%2Fwp%2Fv2%2Ftags&post=73844"}],"curies":[{"name":"wp","href":"https:\/\/api.w.org\/{rel}","templated":true}]}}