{"id":73846,"date":"2024-10-26T10:25:00","date_gmt":"2024-10-26T16:25:00","guid":{"rendered":"https:\/\/zonaroja.com.mx\/?p=73846"},"modified":"2024-10-26T17:31:32","modified_gmt":"2024-10-26T23:31:32","slug":"detiene-fiscalia-a-dos-sujetos-acusados-de-violencia-sexual","status":"publish","type":"post","link":"https:\/\/zonaroja.com.mx\/?p=73846","title":{"rendered":"Detiene Fiscal\u00eda a dos sujetos acusados de violencia sexual\u00a0"},"content":{"rendered":"\n<p>Redacci\u00f3n\/Zona Roja.&nbsp;<\/p>\n\n\n\n<p>Oaxaca de Ju\u00e1rez, Oax., a 26 de octubre de 2024.- La Fiscal\u00eda General del Estado de Oaxaca ejecut\u00f3 una orden de aprehensi\u00f3n en contra de una persona del sexo masculino identificada como J.G.B.M.E., por el delito de violaci\u00f3n en contra de una adolescente, hechos ocurridos en el Istmo de Tehuantepec.<\/p>\n\n\n\n<p>De acuerdo con el expediente penal del caso, los hechos ocurrieron el 3 de septiembre de 2024 cuando la v\u00edctima, una adolescente (cuya identidad est\u00e1 reservada por ley) se encontraba en el interior de un domicilio ubicado en la colonia 8 de Octubre de Juchit\u00e1n de Zaragoza, lugar donde fue agredida sexualmente.<\/p>\n\n\n\n<p>La FGEO, al tomar conocimiento de los hechos derivado de la denuncia, inici\u00f3 las investigaciones correspondientes a trav\u00e9s de la Vicefiscal\u00eda Regional del Istmo, reuniendo las pruebas necesarias que permitieron obtener una orden de aprehensi\u00f3n en contra de J.G.B.M.E., la cual fue ejecutada por elementos de la Agencia Estatal de Investigaciones (AEI) en inmediaciones de la colonia Reforma de la ciudad de Juchit\u00e1n de Zaragoza.<\/p>\n\n\n\n<p>Por lo cual, el detenido fue puesto a disposici\u00f3n de la autoridad correspondiente para que se determine su situaci\u00f3n jur\u00eddica.<\/p>\n\n\n\n<p>EN VALLES CENTRALES<\/p>\n\n\n\n<p>En otro caso y como parte de la estrategia de cero tolerancia a delitos contra la mujer por raz\u00f3n de g\u00e9nero, la Fiscal\u00eda General del Estado de Oaxaca (FGEO) ejecut\u00f3 una orden de aprehensi\u00f3n en contra de una persona del sexo masculino identificada como A.R.C., por el delito de Violaci\u00f3n Agravada en perjuicio de una mujer, cometido en la regi\u00f3n de los Valles Centrales.&nbsp;<\/p>\n\n\n\n<p>De acuerdo con el expediente penal del caso, A.R.C. fue detenido en calles c\u00e9ntricas de la Ciudad de Oaxaca de Ju\u00e1rez, derivado de los hechos ocurridos el 27 de junio de 2024, en que una mujer fue agredida de manera sexual en jurisdicci\u00f3n del municipio de San Raymundo Jalpan.<\/p>\n\n\n\n<p>La investigaci\u00f3n revela que, la v\u00edctima fue interceptada por un sujeto cuando sal\u00eda de su lugar de trabajo ubicado en la Avenida Ferrocarril del citado municipio, posteriormente, fue llevada con amenazas a un paraje donde la agredi\u00f3.<\/p>\n\n\n\n<p>Una vez que la FGEO atrajo el caso, realiz\u00f3 las indagatorias correspondientes con perspectiva de g\u00e9nero, a trav\u00e9s de la Comandancia de Investigaci\u00f3n Especializada para la Atenci\u00f3n a Delitos Contra la Mujer por Raz\u00f3n de G\u00e9nero de la Vicefiscal\u00eda Regional de Valles Centrales, quienes lograron obtener la orden de aprehensi\u00f3n contra A.R.C., para ponerlo a disposici\u00f3n de la autoridad competente.<\/p>\n\n\n\n<p>La Fiscal\u00eda de Oaxaca est\u00e1 comprometida con dar celeridad a las investigaciones relacionadas con delitos cometidos en contra de ni\u00f1as, ni\u00f1os, adolescente y mujeres por ello, realiza los trabajos a trav\u00e9s de equipos multidisciplinarios que permitan fortalecer las l\u00edneas de investigaci\u00f3n y con ello brindar certeza a los procesos de procuraci\u00f3n de justicia.<\/p>\n","protected":false},"excerpt":{"rendered":"<p>Redacci\u00f3n\/Zona Roja.&nbsp; Oaxaca de Ju\u00e1rez, Oax., a 26 de octubre de 2024.- La Fiscal\u00eda General&hellip;<\/p>\n","protected":false},"author":2,"featured_media":73849,"comment_status":"closed","ping_status":"open","sticky":false,"template":"","format":"standard","meta":{"_lmt_disableupdate":"","_lmt_disable":"","_jetpack_memberships_contains_paid_content":false,"footnotes":""},"categories":[109,46],"tags":[494],"class_list":["post-73846","post","type-post","status-publish","format-standard","has-post-thumbnail","hentry","category-minuto-a-minuto","category-zona-blanca","tag-fiscalia-general-del-estado-de-oaxaca"],"jetpack_featured_media_url":"https:\/\/zonaroja.com.mx\/wp-content\/uploads\/2024\/10\/2c2d66bb-d164-4dd9-9685-7f019acf32da-1.jpg","jetpack_sharing_enabled":true,"_links":{"self":[{"href":"https:\/\/zonaroja.com.mx\/index.php?rest_route=\/wp\/v2\/posts\/73846","targetHints":{"allow":["GET"]}}],"collection":[{"href":"https:\/\/zonaroja.com.mx\/index.php?rest_route=\/wp\/v2\/posts"}],"about":[{"href":"https:\/\/zonaroja.com.mx\/index.php?rest_route=\/wp\/v2\/types\/post"}],"author":[{"embeddable":true,"href":"https:\/\/zonaroja.com.mx\/index.php?rest_route=\/wp\/v2\/users\/2"}],"replies":[{"embeddable":true,"href":"https:\/\/zonaroja.com.mx\/index.php?rest_route=%2Fwp%2Fv2%2Fcomments&post=73846"}],"version-history":[{"count":1,"href":"https:\/\/zonaroja.com.mx\/index.php?rest_route=\/wp\/v2\/posts\/73846\/revisions"}],"predecessor-version":[{"id":73848,"href":"https:\/\/zonaroja.com.mx\/index.php?rest_route=\/wp\/v2\/posts\/73846\/revisions\/73848"}],"wp:featuredmedia":[{"embeddable":true,"href":"https:\/\/zonaroja.com.mx\/index.php?rest_route=\/wp\/v2\/media\/73849"}],"wp:attachment":[{"href":"https:\/\/zonaroja.com.mx\/index.php?rest_route=%2Fwp%2Fv2%2Fmedia&parent=73846"}],"wp:term":[{"taxonomy":"category","embeddable":true,"href":"https:\/\/zonaroja.com.mx\/index.php?rest_route=%2Fwp%2Fv2%2Fcategories&post=73846"},{"taxonomy":"post_tag","embeddable":true,"href":"https:\/\/zonaroja.com.mx\/index.php?rest_route=%2Fwp%2Fv2%2Ftags&post=73846"}],"curies":[{"name":"wp","href":"https:\/\/api.w.org\/{rel}","templated":true}]}}