{"id":73860,"date":"2024-10-27T11:00:00","date_gmt":"2024-10-27T17:00:00","guid":{"rendered":"https:\/\/zonaroja.com.mx\/?p=73860"},"modified":"2024-10-27T07:07:59","modified_gmt":"2024-10-27T13:07:59","slug":"en-sexenio-de-amlo-se-cometieron-389-feminicidios-infantiles","status":"publish","type":"post","link":"https:\/\/zonaroja.com.mx\/?p=73860","title":{"rendered":"En sexenio de AMLO se cometieron 389 feminicidios infantiles"},"content":{"rendered":"\n<p>Redacci\u00f3n\/Zona Roja Cdmx.<\/p>\n\n\n\n<p>Ciudad de M\u00e9xico, a 27 de octubre de 2024.- Lourdes \u201cLul\u00fa\u201d ten\u00eda 13 a\u00f1os cuando fue encontrada sin vida el 4 de febrero de 2022; la peque\u00f1a hab\u00eda desaparecido el 30 de enero en el municipio de Zumpango, Estado de M\u00e9xico. Cuando las autoridades la hallaron, la joven vest\u00eda su pantal\u00f3n de mezclilla, camisa rosa con animales y tenis blancos; su cuerpo ten\u00eda signos huellas de violencia y agresiones sexuales: \u201cLul\u00fa\u201d es una de las 389 v\u00edctimas de feminicidio infantil cometidos bajo la administraci\u00f3n de Andr\u00e9s Manuel L\u00f3pez Obrador.<\/p>\n\n\n\n<p>El colectivo Aqu\u00ed estamos: feminicidio infantil en M\u00e9xico, recogi\u00f3 los cr\u00edmenes cometidos contra ni\u00f1as y adolescentes entre el 1 de diciembre de 2018 y el 30 de septiembre de 2024; el resultado final es un acumulado de impunidad y violencia feminicida a la que no se le prest\u00f3 la atenci\u00f3n necesaria para frenarla.<\/p>\n\n\n\n<p>El a\u00f1o 2020 -en plena pandemia- se convirti\u00f3 en el que m\u00e1s feminicidios infantiles se registraron (86); en contraparte, en 2023 se concentr\u00f3 el \u00edndice m\u00e1s bajo (46). El Estado de M\u00e9xico -hogar de \u201cLul\u00fa\u201d- ocupa el primer lugar con 75 ni\u00f1as y adolescentes asesinadas; le siguen Veracruz (35), Puebla (28), Jalisco (21) y Chihuahua (19).<\/p>\n\n\n\n<p>Del total de los 389 casos, durante los a\u00f1os 2020 y 2021 (el periodo m\u00e1s intenso de la pandemia por Covid-19) se contabilizaron 170 feminicidios infantiles. El hogar se convirti\u00f3 en uno de los lugares m\u00e1s peligrosos para las ni\u00f1as y adolescentes: al menos 180 de los asesinos ten\u00edan un nivel de parentesco con las v\u00edctimas.<\/p>\n\n\n\n<p>RETO DE CLAUDIA<\/p>\n\n\n\n<p>En el proyecto de naci\u00f3n de la presidenta Claudia Sheinbaum se incluye un apartado sobre \u201cViolencia contra las mujeres\u201d. Se habla de un diagn\u00f3stico para atender las violencias sexual, pol\u00edtica, laboral, digital, familiar, psicol\u00f3gica, obst\u00e9trica, de pareja, patrimonial, escolar, econ\u00f3mica, comunitaria, en espacios p\u00fablicos, f\u00edsica, por desaparici\u00f3n de personas y feminicida. No se habla de feminicidios infantiles.<\/p>\n\n\n\n<p>Tambi\u00e9n se mencionan los \u201cLogros de la Cuarta Transformaci\u00f3n\u201d y las \u201cPropuestas y Acciones de Gobierno\u201d: prevenir violencia, promover la denuncia, seguimiento a los procesos de procuraci\u00f3n e impartici\u00f3n de justicia, impulsar reformas legislativas y, entre otras, tipificar nacionalmente el feminicidio. Tampoco se especifica el delito de feminicidio infantil.<\/p>\n\n\n\n<p>En el proyecto de naci\u00f3n se incluyen las cifras de los feminicidios cometidos en 2023, seg\u00fan cifras del Secretariado Ejecutivo del Sistema Nacional de Seguridad P\u00fablica (SESNSP): 827 mujeres fueron asesinadas por raz\u00f3n de g\u00e9nero, 46 eran ni\u00f1as o adolescentes.<\/p>\n\n\n\n<p>La mayor\u00eda de las v\u00edctimas identificadas por Aqu\u00ed Estamos ten\u00edan entre 12 y 17 a\u00f1os; 56 estaban a punto de cumplir la mayor\u00eda de edad cuando fueron asesinadas: 7 ten\u00edan meses de haber nacido; 126 ten\u00edan entre uno y 10 a\u00f1os de edad.<\/p>\n\n\n\n<p>Otro dato aterrador: en s\u00f3lo 195 de los casos se logr\u00f3 la detenci\u00f3n del o los agresores, la mayor\u00eda siguen sin recibir una sentencia condenatoria.<\/p>\n\n\n\n<p>El presunto feminicida infantil de \u201cLul\u00fa\u201d se llama Luis Gustavo \u201cN\u201d; hay im\u00e1genes en donde aparece subiendo a la menor a una camioneta; en su celular tambi\u00e9n habr\u00edan encontrado un video incriminatorio; familiares de la joven exigieron que sea sentenciado, acusan que es hijo de un polic\u00eda y temen que goce de impunidad. El presunto asesino de \u201cLul\u00fa\u201d ten\u00eda 20 a\u00f1os cuando ocurri\u00f3 el crimen.<\/p>\n\n\n\n<p>(Informaci\u00f3n de Infobae M\u00e9xico)<\/p>\n","protected":false},"excerpt":{"rendered":"<p>Redacci\u00f3n\/Zona Roja Cdmx. Ciudad de M\u00e9xico, a 27 de octubre de 2024.- Lourdes \u201cLul\u00fa\u201d ten\u00eda&hellip;<\/p>\n","protected":false},"author":2,"featured_media":73861,"comment_status":"closed","ping_status":"open","sticky":false,"template":"","format":"standard","meta":{"_lmt_disableupdate":"","_lmt_disable":"","_jetpack_memberships_contains_paid_content":false,"footnotes":""},"categories":[109,47],"tags":[4094],"class_list":["post-73860","post","type-post","status-publish","format-standard","has-post-thumbnail","hentry","category-minuto-a-minuto","category-zona-gris","tag-feminicidio-infantil"],"jetpack_featured_media_url":"https:\/\/zonaroja.com.mx\/wp-content\/uploads\/2024\/10\/Feminicidio-infantil-violencia.jpg","jetpack_sharing_enabled":true,"_links":{"self":[{"href":"https:\/\/zonaroja.com.mx\/index.php?rest_route=\/wp\/v2\/posts\/73860","targetHints":{"allow":["GET"]}}],"collection":[{"href":"https:\/\/zonaroja.com.mx\/index.php?rest_route=\/wp\/v2\/posts"}],"about":[{"href":"https:\/\/zonaroja.com.mx\/index.php?rest_route=\/wp\/v2\/types\/post"}],"author":[{"embeddable":true,"href":"https:\/\/zonaroja.com.mx\/index.php?rest_route=\/wp\/v2\/users\/2"}],"replies":[{"embeddable":true,"href":"https:\/\/zonaroja.com.mx\/index.php?rest_route=%2Fwp%2Fv2%2Fcomments&post=73860"}],"version-history":[{"count":1,"href":"https:\/\/zonaroja.com.mx\/index.php?rest_route=\/wp\/v2\/posts\/73860\/revisions"}],"predecessor-version":[{"id":73862,"href":"https:\/\/zonaroja.com.mx\/index.php?rest_route=\/wp\/v2\/posts\/73860\/revisions\/73862"}],"wp:featuredmedia":[{"embeddable":true,"href":"https:\/\/zonaroja.com.mx\/index.php?rest_route=\/wp\/v2\/media\/73861"}],"wp:attachment":[{"href":"https:\/\/zonaroja.com.mx\/index.php?rest_route=%2Fwp%2Fv2%2Fmedia&parent=73860"}],"wp:term":[{"taxonomy":"category","embeddable":true,"href":"https:\/\/zonaroja.com.mx\/index.php?rest_route=%2Fwp%2Fv2%2Fcategories&post=73860"},{"taxonomy":"post_tag","embeddable":true,"href":"https:\/\/zonaroja.com.mx\/index.php?rest_route=%2Fwp%2Fv2%2Ftags&post=73860"}],"curies":[{"name":"wp","href":"https:\/\/api.w.org\/{rel}","templated":true}]}}