{"id":73863,"date":"2024-10-27T11:18:00","date_gmt":"2024-10-27T17:18:00","guid":{"rendered":"https:\/\/zonaroja.com.mx\/?p=73863"},"modified":"2024-10-27T07:37:29","modified_gmt":"2024-10-27T13:37:29","slug":"confirman-asesinato-de-presunto-lider-criminal-en-el-istmo","status":"publish","type":"post","link":"https:\/\/zonaroja.com.mx\/?p=73863","title":{"rendered":"Confirman asesinato de presunto l\u00edder criminal en el Istmo"},"content":{"rendered":"\n<p>Raymundo Morales\/Zona Roja.<\/p>\n\n\n\n<p>Oaxaca de Ju\u00e1rez, Oax., a 27 de octubre de 2024.- Autoridades policiacas y ministeriales confirmaron ayer el asesinato de un individuo identificado como Roger C. S., alias \u201cEl Rojo\u201d, presunto l\u00edder criminal en la regi\u00f3n del Istmo.<\/p>\n\n\n\n<p>El individuo fue ultimado a balazos la noche del viernes en un domicilio ubicado en la colonia 5 de Septiembre de Juchit\u00e1n de Zaragoza y este s\u00e1bado se confirm\u00f3 el homicidio.<\/p>\n\n\n\n<p>Se presume que fue un ajuste de cuentas entre grupos del crimen organizado que se disputan la plaza en la regi\u00f3n, lo cual genera continuamente delitos de alto impacto.<\/p>\n\n\n\n<p>De acuerdo con fuentes policiacas, \u201cEl Rojo\u201d es investigado desde hace dos a\u00f1os por diversos delitos y ser\u00eda un operador clave del grupo delictivo \u201cLos Tapaneros\u201d, que opera en la zona oriente del Istmo.<\/p>\n\n\n\n<p>Personal de la Vicefiscal\u00eda Regional del Istmo, dependiente de la Fiscal\u00eda General del Estado de Oaxaca, efectu\u00f3 las indagatorias correspondientes, a fin de esclarecer el caso.<\/p>\n","protected":false},"excerpt":{"rendered":"<p>Raymundo Morales\/Zona Roja. Oaxaca de Ju\u00e1rez, Oax., a 27 de octubre de 2024.- Autoridades policiacas&hellip;<\/p>\n","protected":false},"author":2,"featured_media":69311,"comment_status":"closed","ping_status":"open","sticky":false,"template":"","format":"standard","meta":{"_lmt_disableupdate":"","_lmt_disable":"","_jetpack_memberships_contains_paid_content":false,"footnotes":""},"categories":[109,51],"tags":[1140],"class_list":["post-73863","post","type-post","status-publish","format-standard","has-post-thumbnail","hentry","category-minuto-a-minuto","category-zona-roja","tag-juchita-de-zaragoza"],"jetpack_featured_media_url":"https:\/\/zonaroja.com.mx\/wp-content\/uploads\/2024\/06\/Escena-asesinato-crimen-violencia.jpeg","jetpack_sharing_enabled":true,"_links":{"self":[{"href":"https:\/\/zonaroja.com.mx\/index.php?rest_route=\/wp\/v2\/posts\/73863","targetHints":{"allow":["GET"]}}],"collection":[{"href":"https:\/\/zonaroja.com.mx\/index.php?rest_route=\/wp\/v2\/posts"}],"about":[{"href":"https:\/\/zonaroja.com.mx\/index.php?rest_route=\/wp\/v2\/types\/post"}],"author":[{"embeddable":true,"href":"https:\/\/zonaroja.com.mx\/index.php?rest_route=\/wp\/v2\/users\/2"}],"replies":[{"embeddable":true,"href":"https:\/\/zonaroja.com.mx\/index.php?rest_route=%2Fwp%2Fv2%2Fcomments&post=73863"}],"version-history":[{"count":1,"href":"https:\/\/zonaroja.com.mx\/index.php?rest_route=\/wp\/v2\/posts\/73863\/revisions"}],"predecessor-version":[{"id":73864,"href":"https:\/\/zonaroja.com.mx\/index.php?rest_route=\/wp\/v2\/posts\/73863\/revisions\/73864"}],"wp:featuredmedia":[{"embeddable":true,"href":"https:\/\/zonaroja.com.mx\/index.php?rest_route=\/wp\/v2\/media\/69311"}],"wp:attachment":[{"href":"https:\/\/zonaroja.com.mx\/index.php?rest_route=%2Fwp%2Fv2%2Fmedia&parent=73863"}],"wp:term":[{"taxonomy":"category","embeddable":true,"href":"https:\/\/zonaroja.com.mx\/index.php?rest_route=%2Fwp%2Fv2%2Fcategories&post=73863"},{"taxonomy":"post_tag","embeddable":true,"href":"https:\/\/zonaroja.com.mx\/index.php?rest_route=%2Fwp%2Fv2%2Ftags&post=73863"}],"curies":[{"name":"wp","href":"https:\/\/api.w.org\/{rel}","templated":true}]}}