{"id":73871,"date":"2024-10-27T18:56:46","date_gmt":"2024-10-28T00:56:46","guid":{"rendered":"https:\/\/zonaroja.com.mx\/?p=73871"},"modified":"2024-10-27T18:56:48","modified_gmt":"2024-10-28T00:56:48","slug":"opinion-vida-y-guerra-en-chiapas-y-sinaloa","status":"publish","type":"post","link":"https:\/\/zonaroja.com.mx\/?p=73871","title":{"rendered":"Opini\u00f3n. Vida y guerra en Chiapas y Sinaloa"},"content":{"rendered":"\n<p>Diego Enrique Osorno*<\/p>\n\n\n\n<p>No es novedad que Chiapas enfrenta una crisis bastante nebulosa (la propia presidenta Claudia Sheinbaum fue retenida este a\u00f1o de manera directa en plena carretera durante su campa\u00f1a) ni tampoco que Sinaloa es un territorio en el que los clanes criminales mandan con di\u00e1fana claridad (el ex presidente Andr\u00e9s Manuel L\u00f3pez Obrador envi\u00f3 de forma p\u00fablica todos los mensajes de tregua que pudo a lo largo de su gobierno, comenzando con la liberaci\u00f3n de Ovidio Guzm\u00e1n).<\/p>\n\n\n\n<p>Pese a ello, da la impresi\u00f3n de que el nuevo gobierno federal a\u00fan no tiene idea \u2014\u00bfo consenso interno?\u2014 sobre la forma en que deben encararse las dram\u00e1ticas y complejas realidades de estos dos estados del pa\u00eds que, debido a sus caracter\u00edsticas geogr\u00e1ficas, sociales e hist\u00f3ricas, son los epicentros sur y norte de la violencia mexicana, por m\u00e1s esfuerzo comunicacional que se haga de abrir el espectro cr\u00edtico a Guanajuato y otras entidades tambi\u00e9n colapsadas, aunque no gobernadas a nivel estatal por las fuerzas oficiales de la 4T.<\/p>\n\n\n\n<p>El asesinato de uno de los pocos mediadores de la crisis de Chiapas, como lo era el sacerdote ind\u00edgena Marcelo P\u00e9rez, deber\u00eda ser punto de quiebre para ir al fondo de la espesa capa de violencias acumuladas que vienen desde los noventa con estrategias militares contrainsurgentes que provocaron la a\u00fan impune masacre de Acteal y que han mutado en a\u00f1os recientes a un periodo de abierta tolerancia y fomento institucional de la operaci\u00f3n y fusi\u00f3n de grupos del narco con organizaciones paramilitares para desplazar, despojar y desaparecer personas y pueblos de las diversas regiones de Chiapas.<\/p>\n\n\n\n<p>En las coordenadas norte\u00f1as, la crisis que se padece tiene como detonante la turbia y tonta forma en que las autoridades han reaccionado ante la sofisticada operaci\u00f3n hecha por diversas agencias de EU para detener y extraer de Sinaloa a Ismael El Mayo&nbsp;Zambada, que provoc\u00f3 un caudal de inestabilidad iniciado con el magnicidio de otro de los caciques locales, H\u00e9ctor Melesio Cu\u00e9n, y se ha prolongado de forma cada vez m\u00e1s preocupante con muchos m\u00e1s asesinatos, desapariciones, reclutamientos forzados, intimidaciones y agresiones directas contra periodistas, activistas y la ciudadan\u00eda sinaloense en general.<\/p>\n\n\n\n<p>\u201cSi yo tengo que dar mi vida por defender la vida, estoy dispuesto a eso\u201d, dijo apenas en septiembre pasado el padre Marcelo durante una marcha por la paz organizada por las di\u00f3cesis de Chiapas. Tambi\u00e9n advirti\u00f3 algo que habr\u00eda que atenderse: \u201cChiapas es una bomba de tiempo. Si no se toman medidas contundentes desde el gobierno y desde los pueblos, creo que Chiapas va a estar esclavizado por el crimen organizado\u201d.<\/p>\n\n\n\n<p>Lo que sucede en Chiapas y Sinaloa es distinto pero es lo mismo: tras la ruptura interna de los principales clanes criminales locales que la gobernaban con una pax narca, Sinaloa ha entrado en una disputa nunca antes vista por el control territorial, mientras que Chiapas est\u00e1 inmersa en una campa\u00f1a iniciada el sexenio&nbsp;pasado por los c\u00e1rteles nacionales y grupos pol\u00edticos locales para invadir y reordenar el territorio chiapaneco, bajo el contexto migratorio y los megaproyectos del sureste.<\/p>\n\n\n\n<p>El EZLN, que desde 2021 advirti\u00f3 la inminencia de una guerra civil en Chiapas, sufre estos mismos d\u00edas una serie de ataques en la comunidad 6 de Octubre, hasta donde han llegado los entes armados de la zona \u2014ligados al Partido Verde y al CJNG\u2014 a provocarlos con amenazas directas, vuelos de drones, tala de \u00e1rboles e incluso la construcci\u00f3n de casas en tierras recuperadas por los pueblos zapatistas que se levantaron en armas hace treinta a\u00f1os pero que hoy resisten de manera civil, pac\u00edfica y aut\u00f3noma, aunque se les trate de arrastrar a la barbarie de la democracia mexicana.<\/p>\n\n\n\n<p>Por eso, tanto en Chiapas como en Sinaloa, y muchos otros lugares del pa\u00eds, mientras el gobierno nacional va quedando rebasado por las din\u00e1micas de los feudos estatales, lo que toca a los pueblos es imaginar medidas para defender la vida ante la guerra.<\/p>\n\n\n\n<p>*Escritor y periodista.<\/p>\n\n\n\n<p>@DiegoEOsorno<\/p>\n","protected":false},"excerpt":{"rendered":"<p>Diego Enrique Osorno* No es novedad que Chiapas enfrenta una crisis bastante nebulosa (la propia&hellip;<\/p>\n","protected":false},"author":2,"featured_media":67760,"comment_status":"closed","ping_status":"open","sticky":false,"template":"","format":"standard","meta":{"_lmt_disableupdate":"","_lmt_disable":"","_jetpack_memberships_contains_paid_content":false,"footnotes":""},"categories":[456,109],"tags":[3020],"class_list":["post-73871","post","type-post","status-publish","format-standard","has-post-thumbnail","hentry","category-columna","category-minuto-a-minuto","tag-diego-enrique-osorno"],"jetpack_featured_media_url":"https:\/\/zonaroja.com.mx\/wp-content\/uploads\/2024\/04\/Diego-Enrique-Osorno.jpeg","jetpack_sharing_enabled":true,"_links":{"self":[{"href":"https:\/\/zonaroja.com.mx\/index.php?rest_route=\/wp\/v2\/posts\/73871","targetHints":{"allow":["GET"]}}],"collection":[{"href":"https:\/\/zonaroja.com.mx\/index.php?rest_route=\/wp\/v2\/posts"}],"about":[{"href":"https:\/\/zonaroja.com.mx\/index.php?rest_route=\/wp\/v2\/types\/post"}],"author":[{"embeddable":true,"href":"https:\/\/zonaroja.com.mx\/index.php?rest_route=\/wp\/v2\/users\/2"}],"replies":[{"embeddable":true,"href":"https:\/\/zonaroja.com.mx\/index.php?rest_route=%2Fwp%2Fv2%2Fcomments&post=73871"}],"version-history":[{"count":1,"href":"https:\/\/zonaroja.com.mx\/index.php?rest_route=\/wp\/v2\/posts\/73871\/revisions"}],"predecessor-version":[{"id":73872,"href":"https:\/\/zonaroja.com.mx\/index.php?rest_route=\/wp\/v2\/posts\/73871\/revisions\/73872"}],"wp:featuredmedia":[{"embeddable":true,"href":"https:\/\/zonaroja.com.mx\/index.php?rest_route=\/wp\/v2\/media\/67760"}],"wp:attachment":[{"href":"https:\/\/zonaroja.com.mx\/index.php?rest_route=%2Fwp%2Fv2%2Fmedia&parent=73871"}],"wp:term":[{"taxonomy":"category","embeddable":true,"href":"https:\/\/zonaroja.com.mx\/index.php?rest_route=%2Fwp%2Fv2%2Fcategories&post=73871"},{"taxonomy":"post_tag","embeddable":true,"href":"https:\/\/zonaroja.com.mx\/index.php?rest_route=%2Fwp%2Fv2%2Ftags&post=73871"}],"curies":[{"name":"wp","href":"https:\/\/api.w.org\/{rel}","templated":true}]}}