{"id":73873,"date":"2024-10-27T19:32:03","date_gmt":"2024-10-28T01:32:03","guid":{"rendered":"https:\/\/zonaroja.com.mx\/?p=73873"},"modified":"2024-10-27T19:32:04","modified_gmt":"2024-10-28T01:32:04","slug":"ni-en-domingo-cesan-las-ejecuciones-en-juchitan-ante-desgobierno-municipal","status":"publish","type":"post","link":"https:\/\/zonaroja.com.mx\/?p=73873","title":{"rendered":"Ni en domingo cesan las ejecuciones en Juchit\u00e1n, ante desgobierno municipal"},"content":{"rendered":"\n<p>Ismael Garc\u00eda M.\/Zona Roja. Foto: Captura de pantalla.<\/p>\n\n\n\n<p>Oaxaca de Ju\u00e1rez, Oax., a 27 de octubre de 2024.- Ante la ausencia absoluta de autoridad en el municipio de Juchit\u00e1n de Zaragoza, las ejecuciones a balazos no cesan ni en domingo.<\/p>\n\n\n\n<p>Esta tarde, un taxista fue ultimado por varios impactos de arma de fuego, cuando circulaba a bordo de su unidad del servicio p\u00fablico, en calles de la colonia 15 de Septiembre.<\/p>\n\n\n\n<p>La v\u00edctima fue identificada de manera preliminar como Antonio V. S., quien era chofer del taxi con n\u00famero econ\u00f3mico 02-211, del sitio \u201cJuchit\u00e1n\u201d.<\/p>\n\n\n\n<p>Seg\u00fan versiones de los testigos, al menos dos sujetos armados a bordo de una motocicleta lo interceptaron y lo acribillaron de manera directa; en la zona no hab\u00eda ning\u00fan polic\u00eda municipal, por lo cual no pudieron ser perseguidos.<\/p>\n\n\n\n<p>Peritos y agentes de investigaci\u00f3n de la Vicefiscal\u00eda Regional del Istmo, de la Fiscal\u00eda General del Estado de Oaxaca, iniciaron la carpeta de investigaci\u00f3n, para esclarecer el caso.<\/p>\n\n\n\n<p>Cabe mencionar que pr\u00e1cticamente de manera cotidiana hay hechos de violencia y homicidios en Juchit\u00e1n, pese a lo cual, el gobierno municipal que encabeza el morenista Miguel S\u00e1nchez Altamirano, no ha implementado ninguna estrategia de seguridad para proteger a la poblaci\u00f3n y a los visitantes.<\/p>\n","protected":false},"excerpt":{"rendered":"<p>Ismael Garc\u00eda M.\/Zona Roja. Foto: Captura de pantalla. Oaxaca de Ju\u00e1rez, Oax., a 27 de&hellip;<\/p>\n","protected":false},"author":2,"featured_media":73874,"comment_status":"closed","ping_status":"open","sticky":false,"template":"","format":"standard","meta":{"_lmt_disableupdate":"","_lmt_disable":"","_jetpack_memberships_contains_paid_content":false,"footnotes":""},"categories":[109,51],"tags":[297],"class_list":["post-73873","post","type-post","status-publish","format-standard","has-post-thumbnail","hentry","category-minuto-a-minuto","category-zona-roja","tag-ejecutado-juchitan"],"jetpack_featured_media_url":"https:\/\/zonaroja.com.mx\/wp-content\/uploads\/2024\/10\/Ejecutado-en-Juchitan.jpg","jetpack_sharing_enabled":true,"_links":{"self":[{"href":"https:\/\/zonaroja.com.mx\/index.php?rest_route=\/wp\/v2\/posts\/73873","targetHints":{"allow":["GET"]}}],"collection":[{"href":"https:\/\/zonaroja.com.mx\/index.php?rest_route=\/wp\/v2\/posts"}],"about":[{"href":"https:\/\/zonaroja.com.mx\/index.php?rest_route=\/wp\/v2\/types\/post"}],"author":[{"embeddable":true,"href":"https:\/\/zonaroja.com.mx\/index.php?rest_route=\/wp\/v2\/users\/2"}],"replies":[{"embeddable":true,"href":"https:\/\/zonaroja.com.mx\/index.php?rest_route=%2Fwp%2Fv2%2Fcomments&post=73873"}],"version-history":[{"count":1,"href":"https:\/\/zonaroja.com.mx\/index.php?rest_route=\/wp\/v2\/posts\/73873\/revisions"}],"predecessor-version":[{"id":73875,"href":"https:\/\/zonaroja.com.mx\/index.php?rest_route=\/wp\/v2\/posts\/73873\/revisions\/73875"}],"wp:featuredmedia":[{"embeddable":true,"href":"https:\/\/zonaroja.com.mx\/index.php?rest_route=\/wp\/v2\/media\/73874"}],"wp:attachment":[{"href":"https:\/\/zonaroja.com.mx\/index.php?rest_route=%2Fwp%2Fv2%2Fmedia&parent=73873"}],"wp:term":[{"taxonomy":"category","embeddable":true,"href":"https:\/\/zonaroja.com.mx\/index.php?rest_route=%2Fwp%2Fv2%2Fcategories&post=73873"},{"taxonomy":"post_tag","embeddable":true,"href":"https:\/\/zonaroja.com.mx\/index.php?rest_route=%2Fwp%2Fv2%2Ftags&post=73873"}],"curies":[{"name":"wp","href":"https:\/\/api.w.org\/{rel}","templated":true}]}}