{"id":73876,"date":"2024-10-28T07:28:00","date_gmt":"2024-10-28T13:28:00","guid":{"rendered":"https:\/\/zonaroja.com.mx\/?p=73876"},"modified":"2024-10-28T07:36:14","modified_gmt":"2024-10-28T13:36:14","slug":"hallan-muertos-a-los-abogados-desaparecidos-en-la-carretera-al-istmo","status":"publish","type":"post","link":"https:\/\/zonaroja.com.mx\/?p=73876","title":{"rendered":"Hallan muertos a los abogados desaparecidos en la carretera al Istmo"},"content":{"rendered":"\n<p>Raymundo Morales\/Zona Roja.<\/p>\n\n\n\n<p>Oaxaca de Ju\u00e1rez, Oax., a 28 de octubre de 2024.- A cinco d\u00edas de su desaparici\u00f3n, este domingo fueron hallados los cuerpos sin vida de dos abogados de Oaxaca que viajaban rumbo al Istmo de Tehuantepec y en cuyo trayecto desaparecieron.<\/p>\n\n\n\n<p>Se trata de Humberto Luis Ruiz, de 42 a\u00f1os de edad, y Ra\u00fal Blas Canseco, de 54 a\u00f1os, quienes salieron de Tlacolula de Matamoros el pasado 23 de octubre rumbo a #Chiapas, para asuntos de trabajo.<\/p>\n\n\n\n<p>Viajaba en el veh\u00edculo marca Hyundai, tipo Grand i10 color negro, con placas de circulaci\u00f3n MTN-5492 y en inmediaciones de El Camar\u00f3n, San Carlos Yautepec, fue la \u00faltima comunicaci\u00f3n con ellos.<\/p>\n\n\n\n<p>La Unidad de Personas Desaparecidas y No Localizadas, dependiente de la Fiscal\u00eda General del Estado de Oaxaca, emiti\u00f3 las fichas correspondientes e inici\u00f3 las acciones correspondientes.<\/p>\n\n\n\n<p>Sin embargo, la tarde de ayer domingo, como resultado de los operativos de b\u00fasqueda, fue hallado el veh\u00edculo en un barranco de la carretera Oaxaca-Istmo, kil\u00f3metros adelante del \u00faltimo sitio en que se tuvo comunicaci\u00f3n, presuntamente a causa de un accidente. <\/p>\n\n\n\n<p>El hallazgo fue notificado a los familiares, a quienes les fueron entregados los cuerpos, ya en avanzado estado de descomposici\u00f3n, luego de los tr\u00e1mites ministeriales correspondientes.<\/p>\n","protected":false},"excerpt":{"rendered":"<p>Raymundo Morales\/Zona Roja. Oaxaca de Ju\u00e1rez, Oax., a 28 de octubre de 2024.- A cinco&hellip;<\/p>\n","protected":false},"author":2,"featured_media":73877,"comment_status":"closed","ping_status":"open","sticky":false,"template":"","format":"standard","meta":{"_lmt_disableupdate":"","_lmt_disable":"","_jetpack_memberships_contains_paid_content":false,"footnotes":""},"categories":[109,47],"tags":[],"class_list":["post-73876","post","type-post","status-publish","format-standard","has-post-thumbnail","hentry","category-minuto-a-minuto","category-zona-gris"],"jetpack_featured_media_url":"https:\/\/zonaroja.com.mx\/wp-content\/uploads\/2024\/10\/Localizados-sin-vida-abogados-Oaxaca.jpg","jetpack_sharing_enabled":true,"_links":{"self":[{"href":"https:\/\/zonaroja.com.mx\/index.php?rest_route=\/wp\/v2\/posts\/73876","targetHints":{"allow":["GET"]}}],"collection":[{"href":"https:\/\/zonaroja.com.mx\/index.php?rest_route=\/wp\/v2\/posts"}],"about":[{"href":"https:\/\/zonaroja.com.mx\/index.php?rest_route=\/wp\/v2\/types\/post"}],"author":[{"embeddable":true,"href":"https:\/\/zonaroja.com.mx\/index.php?rest_route=\/wp\/v2\/users\/2"}],"replies":[{"embeddable":true,"href":"https:\/\/zonaroja.com.mx\/index.php?rest_route=%2Fwp%2Fv2%2Fcomments&post=73876"}],"version-history":[{"count":2,"href":"https:\/\/zonaroja.com.mx\/index.php?rest_route=\/wp\/v2\/posts\/73876\/revisions"}],"predecessor-version":[{"id":73879,"href":"https:\/\/zonaroja.com.mx\/index.php?rest_route=\/wp\/v2\/posts\/73876\/revisions\/73879"}],"wp:featuredmedia":[{"embeddable":true,"href":"https:\/\/zonaroja.com.mx\/index.php?rest_route=\/wp\/v2\/media\/73877"}],"wp:attachment":[{"href":"https:\/\/zonaroja.com.mx\/index.php?rest_route=%2Fwp%2Fv2%2Fmedia&parent=73876"}],"wp:term":[{"taxonomy":"category","embeddable":true,"href":"https:\/\/zonaroja.com.mx\/index.php?rest_route=%2Fwp%2Fv2%2Fcategories&post=73876"},{"taxonomy":"post_tag","embeddable":true,"href":"https:\/\/zonaroja.com.mx\/index.php?rest_route=%2Fwp%2Fv2%2Ftags&post=73876"}],"curies":[{"name":"wp","href":"https:\/\/api.w.org\/{rel}","templated":true}]}}