{"id":73880,"date":"2024-10-28T07:52:41","date_gmt":"2024-10-28T13:52:41","guid":{"rendered":"https:\/\/zonaroja.com.mx\/?p=73880"},"modified":"2024-10-28T07:52:43","modified_gmt":"2024-10-28T13:52:43","slug":"reprocha-arzobispo-que-continue-la-trata-de-personas-en-oaxaca","status":"publish","type":"post","link":"https:\/\/zonaroja.com.mx\/?p=73880","title":{"rendered":"Reprocha Arzobispo que contin\u00fae la trata de personas en Oaxaca"},"content":{"rendered":"\n<p>Raymundo Morales\/Zona Roja.<\/p>\n\n\n\n<p>Oaxaca de Ju\u00e1rez, Oax., a 28 de octubre de 2024.- La trata de personas, con ni\u00f1os y adultos, contin\u00faa en Oaxaca y \u201cvividores\u201d los explotan y distribuyen en las calles.<\/p>\n\n\n\n<p>Eso lo reproch\u00f3 el Arzobispo de Antequera Oaxaca, Pedro V\u00e1zquez Villalobos, durante su homil\u00eda de ayer domingo, desde la Catedral metropolitana.<\/p>\n\n\n\n<p>\u201c\u2026como lo vemos nosotros tambi\u00e9n en nuestras calles, hay muchos que est\u00e1n en las banquetas pidiendo, algunos tendr\u00e1n gran necesidad, otros tal vez son utilizados, utilizados.<\/p>\n\n\n\n<p>\u201cEs triste eso, personas humildes, sencillas son utilizadas por vividores, que los explotan, explotan a los ni\u00f1os y a las mujeres, los explotan, los distribuyen en las calles de nuestra ciudad para que pidan, para que pongan cara triste, para que extiendan su mano y les den una moneda y por ah\u00ed estar\u00e1n quienes les quitan, porque los mandaron a pedir.<\/p>\n\n\n\n<p>\u201cNo lo estoy inventando, me lo han dicho, me lo han dicho. No me lo han dicho los explotados, me lo han dicho otras personas que miran hacia d\u00f3nde caminan, d\u00f3nde se juntan y qui\u00e9n es el que los liderea, porque los han seguido y los han visto.&nbsp;<\/p>\n\n\n\n<p>\u201cQu\u00e9 triste explotar a nuestros hermanos y convertirme en un vividor, en un vividor, utilizando a ni\u00f1os y ni\u00f1as y a personas mayores humildes, que est\u00e1n ah\u00ed.<\/p>\n\n\n\n<p>A veces les damos y a veces pasamos sin mirarlos y tal vez nos hacemos preguntas: \u00bfnecesitar\u00e1 realmente o est\u00e1 siendo explotado?\u201d, manifest\u00f3.<\/p>\n\n\n\n<p>Pese a ello, llam\u00f3 a la feligres\u00eda de tender la mano a quien lo requieran, pues hay muchas personas que lo necesitan.<\/p>\n\n\n\n<p>\u201cOjal\u00e1 quienes hacen esto pues se dediquen a trabajar, no a explotar, no a vivir de otros que pasan verg\u00fcenza y que a veces tal vez reciben, no monedas, reciben insultos, reciben desprecios, reciben humillaciones y no hay necesidad de eso\u201d, remarc\u00f3 en su mensaje.<\/p>\n\n\n\n<figure class=\"wp-block-embed is-type-rich is-provider-twitter wp-block-embed-twitter\"><div class=\"wp-block-embed__wrapper\">\n<div class=\"twitter-tweet\"><blockquote class=\"twitter-tweet\" data-lang=\"es\"><p lang=\"es\" dir=\"ltr\">\u201cQue triste explotar a nuestros hermanos y convertirse en un vividor, utilizando a ni\u00f1as y ni\u00f1os y a personas mayores humildes\u201d.<br><br>En su homil\u00eda dominical, el Arzobispo de Antequera <a href=\"https:\/\/twitter.com\/hashtag\/Oaxaca?src=hash&amp;ref_src=twsrc%5Etfw\">#Oaxaca<\/a>, Pedro V\u00e1zquez Villalobos denunci\u00f3 que vividores plenamente identificados  <br>explotan a\u2026 <a href=\"https:\/\/t.co\/2Gx3ReGgn6\">pic.twitter.com\/2Gx3ReGgn6<\/a><\/p>&mdash; Zona Roja Oaxaca (@ZonaRoja_Oaxaca) <a href=\"https:\/\/twitter.com\/ZonaRoja_Oaxaca\/status\/1850736663372140619?ref_src=twsrc%5Etfw\">28 de octubre de 2024<\/a><\/blockquote><\/div>\n<\/div><\/figure>\n","protected":false},"excerpt":{"rendered":"<p>Raymundo Morales\/Zona Roja. Oaxaca de Ju\u00e1rez, Oax., a 28 de octubre de 2024.- La trata&hellip;<\/p>\n","protected":false},"author":2,"featured_media":73881,"comment_status":"closed","ping_status":"open","sticky":false,"template":"","format":"standard","meta":{"_lmt_disableupdate":"","_lmt_disable":"","_jetpack_memberships_contains_paid_content":false,"footnotes":""},"categories":[109,46],"tags":[992],"class_list":["post-73880","post","type-post","status-publish","format-standard","has-post-thumbnail","hentry","category-minuto-a-minuto","category-zona-blanca","tag-arzobispo-de-antequera-oaxaca"],"jetpack_featured_media_url":"https:\/\/zonaroja.com.mx\/wp-content\/uploads\/2024\/10\/Arzobispo-de-Antequera-Pedro-Vazquez.jpg","jetpack_sharing_enabled":true,"_links":{"self":[{"href":"https:\/\/zonaroja.com.mx\/index.php?rest_route=\/wp\/v2\/posts\/73880","targetHints":{"allow":["GET"]}}],"collection":[{"href":"https:\/\/zonaroja.com.mx\/index.php?rest_route=\/wp\/v2\/posts"}],"about":[{"href":"https:\/\/zonaroja.com.mx\/index.php?rest_route=\/wp\/v2\/types\/post"}],"author":[{"embeddable":true,"href":"https:\/\/zonaroja.com.mx\/index.php?rest_route=\/wp\/v2\/users\/2"}],"replies":[{"embeddable":true,"href":"https:\/\/zonaroja.com.mx\/index.php?rest_route=%2Fwp%2Fv2%2Fcomments&post=73880"}],"version-history":[{"count":1,"href":"https:\/\/zonaroja.com.mx\/index.php?rest_route=\/wp\/v2\/posts\/73880\/revisions"}],"predecessor-version":[{"id":73882,"href":"https:\/\/zonaroja.com.mx\/index.php?rest_route=\/wp\/v2\/posts\/73880\/revisions\/73882"}],"wp:featuredmedia":[{"embeddable":true,"href":"https:\/\/zonaroja.com.mx\/index.php?rest_route=\/wp\/v2\/media\/73881"}],"wp:attachment":[{"href":"https:\/\/zonaroja.com.mx\/index.php?rest_route=%2Fwp%2Fv2%2Fmedia&parent=73880"}],"wp:term":[{"taxonomy":"category","embeddable":true,"href":"https:\/\/zonaroja.com.mx\/index.php?rest_route=%2Fwp%2Fv2%2Fcategories&post=73880"},{"taxonomy":"post_tag","embeddable":true,"href":"https:\/\/zonaroja.com.mx\/index.php?rest_route=%2Fwp%2Fv2%2Ftags&post=73880"}],"curies":[{"name":"wp","href":"https:\/\/api.w.org\/{rel}","templated":true}]}}