{"id":73883,"date":"2024-10-28T08:53:00","date_gmt":"2024-10-28T14:53:00","guid":{"rendered":"https:\/\/zonaroja.com.mx\/?p=73883"},"modified":"2024-10-28T08:15:38","modified_gmt":"2024-10-28T14:15:38","slug":"registra-el-istmo-segundo-asesinato-del-domingo","status":"publish","type":"post","link":"https:\/\/zonaroja.com.mx\/?p=73883","title":{"rendered":"Registra el Istmo segundo asesinato del domingo\u00a0"},"content":{"rendered":"\n<p>Ismael Garc\u00eda M.\/Zona Roja.<\/p>\n\n\n\n<p>Oaxaca de Ju\u00e1rez, Oax., a 28 de octubre de 2024.- Una segunda persona del sexo masculino fue asesinada a balazos ayer en la regi\u00f3n del Istmo de Tehuantepec.<\/p>\n\n\n\n<p>El m\u00e1s reciente hecho delictivo ocurri\u00f3 anoche en la avenida Aldama del municipio de El Espinal, donde fue acribillado un individuo que fue identificado como hasta ahora con el nombre de Alberto \u201cN\u201d y el sobrenombre de \u201cEl Bet\u00edn\u201d.<\/p>\n\n\n\n<p>De acuerdo con el medio informativo \u201c50 Bravo\u201d, hace un mes, el 27 de septiembre, su padre Alberto M. L. fue asesinado en Juchit\u00e1n y dos a\u00f1os antes le mataron a uno de sus hermanos.<\/p>\n\n\n\n<p>Hasta el momento se desconocen las causas del crimen y el caso ya es investigado por la Vicefiscal\u00eda Regional del Istmo.<\/p>\n\n\n\n<p>Como se inform\u00f3, ayer por la tarde en Juchit\u00e1n de Zaragoza fue ultimado a balazos un taxista, quien en vida respondi\u00f3 al nombre de Antonio V. S.<\/p>\n\n\n\n<p>Tanto la unidad de motor del sitio \u201cJuchit\u00e1n\u201d como la v\u00edctima fueron hallados en una vialidad de la colonia 15 de Septiembre y hasta el momento no se cuentan con datos de los autores del crimen as\u00ed como las razones.<\/p>\n\n\n\n<p>En el lugar se hallaron varios casquillos percutidos de arma de grueso calibre, de uso exclusivo de de las Fuerzas Armadas.<\/p>\n","protected":false},"excerpt":{"rendered":"<p>Ismael Garc\u00eda M.\/Zona Roja. Oaxaca de Ju\u00e1rez, Oax., a 28 de octubre de 2024.- Una&hellip;<\/p>\n","protected":false},"author":2,"featured_media":67753,"comment_status":"closed","ping_status":"open","sticky":false,"template":"","format":"standard","meta":{"_lmt_disableupdate":"","_lmt_disable":"","_jetpack_memberships_contains_paid_content":false,"footnotes":""},"categories":[109,51],"tags":[1088],"class_list":["post-73883","post","type-post","status-publish","format-standard","has-post-thumbnail","hentry","category-minuto-a-minuto","category-zona-roja","tag-el-espinal"],"jetpack_featured_media_url":"https:\/\/zonaroja.com.mx\/wp-content\/uploads\/2024\/04\/Escena-de-investigacion-crimen.jpg","jetpack_sharing_enabled":true,"_links":{"self":[{"href":"https:\/\/zonaroja.com.mx\/index.php?rest_route=\/wp\/v2\/posts\/73883","targetHints":{"allow":["GET"]}}],"collection":[{"href":"https:\/\/zonaroja.com.mx\/index.php?rest_route=\/wp\/v2\/posts"}],"about":[{"href":"https:\/\/zonaroja.com.mx\/index.php?rest_route=\/wp\/v2\/types\/post"}],"author":[{"embeddable":true,"href":"https:\/\/zonaroja.com.mx\/index.php?rest_route=\/wp\/v2\/users\/2"}],"replies":[{"embeddable":true,"href":"https:\/\/zonaroja.com.mx\/index.php?rest_route=%2Fwp%2Fv2%2Fcomments&post=73883"}],"version-history":[{"count":1,"href":"https:\/\/zonaroja.com.mx\/index.php?rest_route=\/wp\/v2\/posts\/73883\/revisions"}],"predecessor-version":[{"id":73884,"href":"https:\/\/zonaroja.com.mx\/index.php?rest_route=\/wp\/v2\/posts\/73883\/revisions\/73884"}],"wp:featuredmedia":[{"embeddable":true,"href":"https:\/\/zonaroja.com.mx\/index.php?rest_route=\/wp\/v2\/media\/67753"}],"wp:attachment":[{"href":"https:\/\/zonaroja.com.mx\/index.php?rest_route=%2Fwp%2Fv2%2Fmedia&parent=73883"}],"wp:term":[{"taxonomy":"category","embeddable":true,"href":"https:\/\/zonaroja.com.mx\/index.php?rest_route=%2Fwp%2Fv2%2Fcategories&post=73883"},{"taxonomy":"post_tag","embeddable":true,"href":"https:\/\/zonaroja.com.mx\/index.php?rest_route=%2Fwp%2Fv2%2Ftags&post=73883"}],"curies":[{"name":"wp","href":"https:\/\/api.w.org\/{rel}","templated":true}]}}