{"id":73885,"date":"2024-10-28T09:24:58","date_gmt":"2024-10-28T15:24:58","guid":{"rendered":"https:\/\/zonaroja.com.mx\/?p=73885"},"modified":"2024-10-28T10:45:58","modified_gmt":"2024-10-28T16:45:58","slug":"opinion-el-monte-de-piedad-y-la-guerra-por-la-dirigencia-de-burocratas","status":"publish","type":"post","link":"https:\/\/zonaroja.com.mx\/?p=73885","title":{"rendered":"Opini\u00f3n. El Monte de Piedad y la guerra por la dirigencia de bur\u00f3cratas"},"content":{"rendered":"\n<p>Ismael Garc\u00eda M.\/Zona Roja.<\/p>\n\n\n\n<p>Oaxaca, Oax., a 28 de octubre de 2024.- Este lunes inicia el quinto d\u00eda de paro de labores de trabajadores sindicalizados en la Direcci\u00f3n del Monte de Piedad, que comenz\u00f3 en la oficina matriz y se ha extendido a todas las sucursales.<\/p>\n\n\n\n<p>El pretexto era menor, supuestas demandas laborales, ademas de denuncias de acoso, pero el desd\u00e9n del director Omar Juli\u00e1n Juli\u00e1n tiene ahora al Gobierno del Estado en un brete.<\/p>\n\n\n\n<p>El funcionario, por cierto carga tras de s\u00ed ya al menos tres denuncias de acoso laboral, en dos sucursales de la capital y en otro en Ciudad Ixtepec. <\/p>\n\n\n\n<p>El m\u00e1s sonado fue el de Magda Liliana Altamirano Calder\u00f3n, quien desde hace m\u00e1s de un a\u00f1o acus\u00f3 tambi\u00e9n acoso sexual pero no logr\u00f3 justicia en Oaxaca; se tuvo que ir a la Ciudad de M\u00e9xico para llevar su protesta y para refugiarse.<\/p>\n\n\n\n<p>Pero el conflicto sindical en el Monte de Piedad no es m\u00e1s que tambi\u00e9n el inicio de una guerra entre bur\u00f3cratas por la sucesi\u00f3n en el Sindicato de Trabajadores de los Poderes del Estado e Instituciones Descentralizadas de Car\u00e1cter Estatal de Oaxaca, mejor conocido como STPEIDCEO.<\/p>\n\n\n\n<p>Y justamente el Monte de Piedad es uno de los bastiones de Juan Rafael Rosas Herrera, priista que se niega a dejar el poder sindical y, por supuesto, a las millonarias prebendas que de ello se desprende.<\/p>\n\n\n\n<p>CAJA CHICA<\/p>\n\n\n\n<p>Hay que considerar, desde luego, el alto valor monetario y los ping\u00fces negocios que se realizan en el Monte de Piedad no s\u00f3lo ahora en el sexenio morenista \u2014pese a que se grita a los cuatro vientos que hay honestidad y que no hay corrupci\u00f3n\u2014, sino en anteriores sexenios, con mayor medida los priistas.<\/p>\n\n\n\n<p>Porque es una instituci\u00f3n prendaria que, a\u00fan con tasas de cr\u00e9dito a bajo costo, genera m\u00faltiples movimientos financieros.<\/p>\n\n\n\n<p>De hecho, es de las instituciones m\u00e1s socorridas por la poblaci\u00f3n en general, pues realmente representa una opci\u00f3n crediticia menos costosa que en otras casas de empe\u00f1o.<\/p>\n\n\n\n<p>Pero ese noble fin no impide que los negocios crezcan al amparo de los funcionarios, el titular e incluso los empleados de base; cuando estas partes funcionan de mutuo acuerdo, no hay conflicto.<\/p>\n\n\n\n<p>Pero cuando se pelean las ganancias, como sucede ahora, en el Monte de Piedad solamente hay conflictos, como en estos d\u00edas.<\/p>\n\n\n\n<p>Supuestamente la direcci\u00f3n habr\u00eda descubierto un acto de corrupci\u00f3n por parte de algunos empleados sindicalizados \u2014versi\u00f3n vertida desde la direcci\u00f3n\u2014, pero tampoco hay denuncias formales; no hay nombres, no hay datos precisos.<\/p>\n\n\n\n<p>Por supuesto que pudiera ser el caso, pero tan simple es presentar la denuncia y que las autoridades investiguen.<\/p>\n\n\n\n<p>Hasta donde se sabe, seg\u00fan fuentes del Monte de Piedad, por el momento no se ha actuado de manera legal; la Secretar\u00eda de Honestidad, con tan poco personal, no ha logrado llegar a la instituci\u00f3n y optar\u00eda por no hacerlo, al seguir representando una caja chica del gobierno y de los funcionarios.<\/p>\n\n\n\n<p>Lo que s\u00ed deber\u00eda proceder desde hace muchos meses es la separaci\u00f3n del cargo de Omar Juli\u00e1n Juli\u00e1n, por m\u00faltiples se\u00f1alamientos, el m\u00e1s grave de ellos del caso de Magda Liliana, que seg\u00fan dijo, sufri\u00f3 acoso sexual y laboral, adem\u00e1s de despido injustificado de la gerencia ubicada en la calle 20 de Noviembre de la capital.<\/p>\n\n\n\n<p>Si no tiene raz\u00f3n, \u00bfentonces por qu\u00e9 no se ha hecho p\u00fablico, o por qu\u00e9 no se ha contrademandado? Y ahora aparecen otros dos casos, en una sucursal del norte de la ciudad y otro en el municipio de Ciudad Ixtepec.<\/p>\n\n\n\n<p>Y claro, si se quiere acabar con la corrupci\u00f3n en el Monte de Piedad, se debiera empezar por correr a todos los funcionarios; colocar realmente a gente conocedora y honesta, y luego revisar los cargos de decisi\u00f3n que se han otorgado a empleados de base, bajo acuerdo mutuo.<\/p>\n\n\n\n<p>LA SUCESI\u00d3N<\/p>\n\n\n\n<p>Decimos que esta problem\u00e1tica no es m\u00e1s que el inicio de la guerra por la sucesi\u00f3n en el sindicato de bur\u00f3cratas pues el Monte de Piedad es un basti\u00f3n de seguidores de Juan Rafael Rosas Herrera.<\/p>\n\n\n\n<p>El actual regidor priista en el ayuntamiento de Oaxaca de Ju\u00e1rez ha mantenido diversas actividades, sin dar a conocer el origen del financiamiento, movilizando a trabajadores sindicalizados por cualquier pretexto.<\/p>\n\n\n\n<p>Calendas, fiestas, regalos del D\u00eda de Reyes y cualquier otra ocasi\u00f3n propicia las ha utilizado el otrora poderoso dirigente sindical.<\/p>\n\n\n\n<p>Por cierto, las supuestas Investigaciones por la venta de plazas laborales en el sexenio anterior que presidi\u00f3 Alejandro Murat no tienen avances; se hablaba de por lo menos mil casos, pero ninguno se ha revocado.&nbsp;<\/p>\n\n\n\n<p>Y, claro, para nada se ha tocado a Rosas Herrera, quien ufano ha logrado tomarse fotograf\u00edas con el gobernador morenista Salom\u00f3n Jara, para aparentar respaldo.<\/p>\n\n\n\n<p>Tambi\u00e9n con No\u00e9 Jara Cruz, embajador plenipotenciario del mandatario, sin cartera ni cargo, quien justamente es el que busca arrebatar el poder a Juan Rafael Rosas\u2026 negociando con \u00e9l para que se vaya impune.<\/p>\n\n\n\n<p>Uno de sus arietes es Juli\u00e1n Estrada, que en absoluto cuenta con el respaldo mayoritario en el sindicato y lleva varios fracasos en su inter\u00e9s por llegar a la dirigencia.<\/p>\n\n\n\n<p>Otro operador de grupos de bur\u00f3cratas es Amador Jara Cruz, quien tambi\u00e9n a nombre del gobernador hace amarres con otros grupos de trabajadores. Tampoco tiene un cargo oficial para involucrarse en esta tarea, que compete al sindicato y gobierno, como en muchas otras.<\/p>\n\n\n\n<p>Mientras tanto, Pedro Castillejos Villalobos simula que ya se pele\u00f3 con Juan Rafael Rosas Herrera y que ahora es partidario de la llamada Cuarta Transformaci\u00f3n, con tal de lograr seguir en la ubre presupuestal e intentar imponer a sus allegados.<\/p>\n\n\n\n<p>La elecci\u00f3n es en diciembre y por eso desde ya comienzan las luchas sindicales que indudablemente impactar\u00e1 en las actividades administrativas. <\/p>\n\n\n\n<p>Una de las grandes preguntas es: \u00bfpor qu\u00e9 los hermanos Jara Cruz est\u00e1n involucrados totalmente en la sucesi\u00f3n en lugar de las instancias sindicales y de gobierno?<\/p>\n","protected":false},"excerpt":{"rendered":"<p>Ismael Garc\u00eda M.\/Zona Roja. Oaxaca, Oax., a 28 de octubre de 2024.- Este lunes inicia&hellip;<\/p>\n","protected":false},"author":2,"featured_media":67764,"comment_status":"closed","ping_status":"open","sticky":false,"template":"","format":"standard","meta":{"_lmt_disableupdate":"","_lmt_disable":"","_jetpack_memberships_contains_paid_content":false,"footnotes":""},"categories":[456,109,48],"tags":[1353],"class_list":["post-73885","post","type-post","status-publish","format-standard","has-post-thumbnail","hentry","category-columna","category-minuto-a-minuto","category-zona-critica","tag-opinion-zona-critica"],"jetpack_featured_media_url":"https:\/\/zonaroja.com.mx\/wp-content\/uploads\/2024\/04\/Opinion-Zona-Roja-Ismael-Garcia.jpg","jetpack_sharing_enabled":true,"_links":{"self":[{"href":"https:\/\/zonaroja.com.mx\/index.php?rest_route=\/wp\/v2\/posts\/73885","targetHints":{"allow":["GET"]}}],"collection":[{"href":"https:\/\/zonaroja.com.mx\/index.php?rest_route=\/wp\/v2\/posts"}],"about":[{"href":"https:\/\/zonaroja.com.mx\/index.php?rest_route=\/wp\/v2\/types\/post"}],"author":[{"embeddable":true,"href":"https:\/\/zonaroja.com.mx\/index.php?rest_route=\/wp\/v2\/users\/2"}],"replies":[{"embeddable":true,"href":"https:\/\/zonaroja.com.mx\/index.php?rest_route=%2Fwp%2Fv2%2Fcomments&post=73885"}],"version-history":[{"count":2,"href":"https:\/\/zonaroja.com.mx\/index.php?rest_route=\/wp\/v2\/posts\/73885\/revisions"}],"predecessor-version":[{"id":73896,"href":"https:\/\/zonaroja.com.mx\/index.php?rest_route=\/wp\/v2\/posts\/73885\/revisions\/73896"}],"wp:featuredmedia":[{"embeddable":true,"href":"https:\/\/zonaroja.com.mx\/index.php?rest_route=\/wp\/v2\/media\/67764"}],"wp:attachment":[{"href":"https:\/\/zonaroja.com.mx\/index.php?rest_route=%2Fwp%2Fv2%2Fmedia&parent=73885"}],"wp:term":[{"taxonomy":"category","embeddable":true,"href":"https:\/\/zonaroja.com.mx\/index.php?rest_route=%2Fwp%2Fv2%2Fcategories&post=73885"},{"taxonomy":"post_tag","embeddable":true,"href":"https:\/\/zonaroja.com.mx\/index.php?rest_route=%2Fwp%2Fv2%2Ftags&post=73885"}],"curies":[{"name":"wp","href":"https:\/\/api.w.org\/{rel}","templated":true}]}}