{"id":73887,"date":"2024-10-28T09:29:36","date_gmt":"2024-10-28T15:29:36","guid":{"rendered":"https:\/\/zonaroja.com.mx\/?p=73887"},"modified":"2024-10-28T09:29:38","modified_gmt":"2024-10-28T15:29:38","slug":"huracan-john-afecto-10-mil-239-viviendas-en-15-municipios-de-oaxaca","status":"publish","type":"post","link":"https:\/\/zonaroja.com.mx\/?p=73887","title":{"rendered":"Hurac\u00e1n \u201cJohn\u201d afect\u00f3 10 mil 239 viviendas en 15 municipios de Oaxaca"},"content":{"rendered":"\n<p>Redacci\u00f3n\/Zona Roja.<\/p>\n\n\n\n<p>Oaxaca de Ju\u00e1rez, Oax., a 28 de octubre de 2024.- El gobernador de Oaxaca, Salom\u00f3n Jara Cruz, asisti\u00f3 al Informe general de las afecciones por el hurac\u00e1n John, que presidi\u00f3 la Presidenta de M\u00e9xico, Claudia Sheinbaum Pardo en el estado de Guerrero.<\/p>\n\n\n\n<p>Durante su participaci\u00f3n, el mandatario estatal se\u00f1al\u00f3 que Oaxaca se encuentra en una etapa de recuperaci\u00f3n tras el paso de este fen\u00f3meno meteorol\u00f3gico que afect\u00f3 a 15 municipios de las regiones Costa, Sierra Sur y Mixteca.<\/p>\n\n\n\n<p>En este sentido agradeci\u00f3 el apoyo que el Gobierno Federal ha brindado a la entidad por los estragos de \u201cJohn\u201d y la reciente tormenta tropical \u201cNadine\u201d.&nbsp;<\/p>\n\n\n\n<p>\u201cA nombre del pueblo de Oaxaca, reconozco todo el apoyo que la Presidenta de M\u00e9xico nos ha brindado para atender las afectaciones que tuvimos, principalmente en caminos, puentes y viviendas\u201d, expres\u00f3.<\/p>\n\n\n\n<p>En su oportunidad, Sheinbaum Pardo asever\u00f3 que la emergencia termin\u00f3 para Guerrero y Oaxaca; sin embargo, los apoyos para limpieza y viviendas continuar\u00e1n para ambos estados.&nbsp;<\/p>\n\n\n\n<p>\u201cDesde el inicio de nuestro gobierno, los equipos han tenido presencia en ambas entidades; no los hemos dejado solos a las y los oaxaque\u00f1os ni guerrerenses\u201d, dijo.<\/p>\n\n\n\n<p>LAS ACCIONES&nbsp;<\/p>\n\n\n\n<p>La Secretar\u00eda de Infraestructura, Comunicaciones y Transportes (SICT) atendi\u00f3 299 incidencias correspondientes a 649 kil\u00f3metros (km) afectados de la Red Federal, lo que se traduce en nueve cortes carreteros reabiertos a la circulaci\u00f3n en los primeros 5 d\u00edas posteriores; dos puentes atendidos con pasos temporales dentro de los primeros 15 d\u00edas y el retiro de 132 mil metros c\u00fabicos de producto de derrumbes y 88 mil metros c\u00fabicos de producto de deslaves.<\/p>\n\n\n\n<p>En la Red Estatal se trabajaron 59 incidencias correspondientes a mil 600 km da\u00f1ados, es decir, 15 puentes atendidos con pasos temporales dentro de los primeros 15 d\u00edas de la contingencia y el retiro de 420 mil metros c\u00fabicos de tierra derivada de derrumbes y 342 mil metros c\u00fabicos de producto de deslaves, en un periodo del 3 al 27 de octubre. &nbsp;<\/p>\n\n\n\n<p>En estas acciones participaron 192 personas trabajadoras, 170 m\u00e1quinas y 127 frentes de trabajos simult\u00e1neos. &nbsp;<\/p>\n\n\n\n<p>La Comisi\u00f3n Federal de Electricidad (CFE) report\u00f3 da\u00f1os en tres municipios con 18 mil 430 personas usuarias afectadas por este fen\u00f3meno; el suministro se restableci\u00f3 en 16 horas.<\/p>\n\n\n\n<p>Para esta emergencia participaron 624 trabajadores, 126 gr\u00faas, 255 veh\u00edculos, un veh\u00edculo de comunicaciones, seis plantas de emergencia y cuatro torres de iluminaci\u00f3n. Cabe destacar que se prioriz\u00f3 el suministro para servicios m\u00e9dicos, albergues, plantas potabilizadoras y servicios municipales.<\/p>\n\n\n\n<p>La Comisi\u00f3n Nacional del Agua (Conagua) realiz\u00f3 un operativo de bombeo a favor de los municipios de Santiago Jamiltepec y Santo Domingo Armenta. Tambi\u00e9n apoy\u00f3 con el suministro de agua potable de un poco m\u00e1s de 10 mil 700 metros c\u00fabicos entregados a la poblaci\u00f3n.<\/p>\n\n\n\n<p>A trav\u00e9s de 40 brigadas, la Secretar\u00eda de Bienestar cens\u00f3 10 mil 239 viviendas afectadas en 15 municipios. Del 4 al 8 de noviembre se entregar\u00e1 un apoyo social directo a las familias damnificadas, con una inversi\u00f3n total de 358 millones de pesos.<\/p>\n","protected":false},"excerpt":{"rendered":"<p>Redacci\u00f3n\/Zona Roja. Oaxaca de Ju\u00e1rez, Oax., a 28 de octubre de 2024.- El gobernador de&hellip;<\/p>\n","protected":false},"author":2,"featured_media":73888,"comment_status":"closed","ping_status":"open","sticky":false,"template":"","format":"standard","meta":{"_lmt_disableupdate":"","_lmt_disable":"","_jetpack_memberships_contains_paid_content":false,"footnotes":""},"categories":[109,46],"tags":[939],"class_list":["post-73887","post","type-post","status-publish","format-standard","has-post-thumbnail","hentry","category-minuto-a-minuto","category-zona-blanca","tag-salomon-jara-cruz"],"jetpack_featured_media_url":"https:\/\/zonaroja.com.mx\/wp-content\/uploads\/2024\/10\/Salomon-Jara-cRuz-en-Guerrero.jpg","jetpack_sharing_enabled":true,"_links":{"self":[{"href":"https:\/\/zonaroja.com.mx\/index.php?rest_route=\/wp\/v2\/posts\/73887","targetHints":{"allow":["GET"]}}],"collection":[{"href":"https:\/\/zonaroja.com.mx\/index.php?rest_route=\/wp\/v2\/posts"}],"about":[{"href":"https:\/\/zonaroja.com.mx\/index.php?rest_route=\/wp\/v2\/types\/post"}],"author":[{"embeddable":true,"href":"https:\/\/zonaroja.com.mx\/index.php?rest_route=\/wp\/v2\/users\/2"}],"replies":[{"embeddable":true,"href":"https:\/\/zonaroja.com.mx\/index.php?rest_route=%2Fwp%2Fv2%2Fcomments&post=73887"}],"version-history":[{"count":1,"href":"https:\/\/zonaroja.com.mx\/index.php?rest_route=\/wp\/v2\/posts\/73887\/revisions"}],"predecessor-version":[{"id":73889,"href":"https:\/\/zonaroja.com.mx\/index.php?rest_route=\/wp\/v2\/posts\/73887\/revisions\/73889"}],"wp:featuredmedia":[{"embeddable":true,"href":"https:\/\/zonaroja.com.mx\/index.php?rest_route=\/wp\/v2\/media\/73888"}],"wp:attachment":[{"href":"https:\/\/zonaroja.com.mx\/index.php?rest_route=%2Fwp%2Fv2%2Fmedia&parent=73887"}],"wp:term":[{"taxonomy":"category","embeddable":true,"href":"https:\/\/zonaroja.com.mx\/index.php?rest_route=%2Fwp%2Fv2%2Fcategories&post=73887"},{"taxonomy":"post_tag","embeddable":true,"href":"https:\/\/zonaroja.com.mx\/index.php?rest_route=%2Fwp%2Fv2%2Ftags&post=73887"}],"curies":[{"name":"wp","href":"https:\/\/api.w.org\/{rel}","templated":true}]}}