{"id":7390,"date":"2020-01-07T11:58:38","date_gmt":"2020-01-07T17:58:38","guid":{"rendered":"https:\/\/www.zonaroja.com.mx\/?p=7390"},"modified":"2020-01-07T11:58:41","modified_gmt":"2020-01-07T17:58:41","slug":"santa-maria-del-mar-una-decada-de-olvido-tres-anos-de-muerte-de-tres-en-el-mar","status":"publish","type":"post","link":"https:\/\/zonaroja.com.mx\/?p=7390","title":{"rendered":"Santa Mar\u00eda del Mar, una d\u00e9cada de olvido; tres a\u00f1os de muerte de tres en el mar"},"content":{"rendered":"\n<p>Evlin Arag\u00f3n\/Zona Roja.<\/p>\n\n\n\n<p>Oaxaca de Ju\u00e1rez, Oax., 7 de enero de 2020.- &nbsp;\u201cSoy de Santa Mar\u00eda del Mar, estamos cruzando ahora la ola m\u00e1s fuerte donde m\u00e1s salta la lancha, nosotros pasamos a veces con cosas pesadas puro camar\u00f3n y ahorita tenemos que nadar puro hondo&nbsp;&nbsp;para poder sacar camar\u00f3n y peces&#8230; y ya no mandan despensas\u201d.<\/p>\n\n\n\n<p>Eso cont\u00f3 el a\u00f1o pasado el ni\u00f1o Thierys Enmanuel a trav\u00e9s de un video de poco m\u00e1s de dos minutos de duraci\u00f3n difundido en las redes sociales.<\/p>\n\n\n\n<p>Pero El&nbsp;peque\u00f1o nunca pudo salir por tierra de Santa Mar\u00eda del Mar, pues el pasado 9 de noviembre falleci\u00f3 a causa de una grave enfermedad<\/p>\n\n\n\n<p>En el video, portando chaleco salvavidas y a bordo de una lancha cubierta por una lona debido a los fuertes vientos que azotan la zona del Istmo de Tehuantepec, el ni\u00f1o refiere que debido a la falta de acceso carretero los Reyes Magos no llegaron a la localidad, y s\u00f3lo recibieron juguetes en mal estado el 6 de enero del a\u00f1o pasado.&nbsp;<\/p>\n\n\n\n<p>A su corta edad, Thierys Enmanuel sab\u00eda que es necesario un camino que le permita a la gente no s\u00f3lo entrar y salir de su pueblo, sino tambi\u00e9n transportar alimentos y medicamentos necesarios en la localidad sin ponerse en riesgo al emprender el viaje por el mar, particularmente en esta temporada donde los vientos son incontenibles.<\/p>\n\n\n\n<p>Este fue el llamado final que hizo y que nunca fue escuchado:<\/p>\n\n\n\n<p>\u201cQue el gobernador haga caso a nuestro pueblo, porque nuestro pueblo es pobre, necesitamos comida y medicamentos. Los vientos son muy fuertes y tenemos que comprar comida para poder vender en nuestro pueblo. Llevamos cinco d\u00edas sin poder salir por que los vientos son muy fuertes\u201d, finaliza el menor.<\/p>\n\n\n\n<p><div class=\"twitter-tweet\"><blockquote class=\"twitter-tweet\" data-lang=\"es\"><p lang=\"es\" dir=\"ltr\"><a href=\"https:\/\/twitter.com\/hashtag\/OaxacaGris?src=hash&amp;ref_src=twsrc%5Etfw\">#OaxacaGris<\/a><br>Y una d\u00e9cada despu\u00e9s, ninguna autoridad se acuerda de la tragedia de Santa Mar\u00eda del Mar; el a\u00f1o pasado, este peque\u00f1o pidi\u00f3 ayuda y tampoco fue escuchado. <a href=\"https:\/\/twitter.com\/EfrainSolano_?ref_src=twsrc%5Etfw\">@EfrainSolano_<\/a> <a href=\"https:\/\/twitter.com\/comunaoax?ref_src=twsrc%5Etfw\">@comunaoax<\/a> <a href=\"https:\/\/twitter.com\/DEELAYUUK?ref_src=twsrc%5Etfw\">@DEELAYUUK<\/a> <a href=\"https:\/\/twitter.com\/flaviososavilla?ref_src=twsrc%5Etfw\">@flaviososavilla<\/a> <a href=\"https:\/\/t.co\/YXXvQh2spB\">pic.twitter.com\/YXXvQh2spB<\/a><\/p>&mdash; Zona Roja Oaxaca (@MexRoja) <a href=\"https:\/\/twitter.com\/MexRoja\/status\/1214577910599696384?ref_src=twsrc%5Etfw\">7 de enero de 2020<\/a><\/blockquote><\/div><\/p>\n\n\n\n<p>TRES A\u00d1OS<\/p>\n\n\n\n<p>Este 7 de enero se cumplen tres a\u00f1os de que tres ciudadanos de Santa Mar\u00eda del Mar fallecieran ahogados al volcar una lancha que los transportaba debido a la falta de un acceso terrestre en la zona desde casi hace 11 a\u00f1os debido a un conflicto que enfrentan con sus vecinos de San Mateo de Mar, no hay justicia para la comunidad Ikoot.<\/p>\n\n\n\n<p>Tal es el nivel de impunidad, olvido, indiferencia, omisi\u00f3n, abandono, infamia e ignominia de quienes gobiernan la entidad, que los dichos emitidos desde hace tres a\u00f1os por habitantes y autoridades de la localidad siguen vigentes ante la nula atenci\u00f3n que han recibido por parte de las autoridades.<\/p>\n\n\n\n<p>Y es que han pasado m\u00e1s de diez a\u00f1os desde el d\u00eda en que fue cerrado el \u00fanico acceso v\u00eda carretera que comunica a la comunidad con el resto del estado y el pa\u00eds; fue el 18 de octubre del 2009 que habitantes de San Mateo de Mar destruyeron las mojoneras denominadas \u201cPaso Mangle\u201d y \u201cBoca Seca\u201d adem\u00e1s invadieron mil 393 hect\u00e1reas de tierra, propiedad comunal de Santa Mar\u00eda del Mar.<\/p>\n\n\n\n<p>De acuerdo con la poblaci\u00f3n, el bloqueo ha implicado la violaci\u00f3n cotidiana de los Derechos Humanos de 250 ni\u00f1os, adultos mayores, mujeres y hombres de todas las edades del pueblo Ikoot de Santa Mar\u00eda del Mar, sin que las autoridades federales y estatales hayan actuando en consecuencia, por el contrario la indiferencia y la omisi\u00f3n se han impuesto en este caso.&nbsp;<\/p>\n\n\n\n<p>INDOLENCIA GUBERNAMENTAL&nbsp;<\/p>\n\n\n\n<p>\u201cNo ha habido una sola acci\u00f3n institucional que rompa el cerco. En ese lapso de tiempo hemos sido v\u00edctimas de saqueos, quema de ranchos, robo de ganado, nuestros ciudadanos han padecido de secuestros, encarcelamientos y torturas por parte de los habitantes de San Mateo del Mar as\u00ed como el sabotaje de la red de energ\u00eda el\u00e9ctrica que alimenta a toda la poblaci\u00f3n\u201d, han manifestado en ocasiones anteriores, sin presentar cambios hasta el momento en la situaci\u00f3n que vive sus habitantes.<\/p>\n\n\n\n<p>La compleja situaci\u00f3n que vive en Santa Mar\u00eda del Mar lejos de disminuir ha ido en aumento al grado de que ni los sismos del 2017 lograron generar acuerdos entre las localidad y mientras la sociedad civil estuvo pasando v\u00eda carretera a Sta. Mar\u00eda del Mar para dejar v\u00edveres, vecinos San Mateo estuvieron cobrando derecho de peaje que consist\u00eda en quedarse con la mitad de los v\u00edveres que estaban destinadas a la primera comunidad.<\/p>\n\n\n\n<p>Por lo anterior y ante la permanencia de la problem\u00e1tica exigieron a las autoridades estatales y federales la atenci\u00f3n urgente e inmediata al conflicto social con San Mateo del Mar antes de que genere m\u00e1s violencia en la zona.<\/p>\n\n\n\n<p>As\u00ed mismo, la apertura del camino \u00c1lvaro Obreg\u00f3n-Santa Mar\u00eda del Mar; la reinstalaci\u00f3n de un m\u00f3dulo de seguridad en los l\u00edmites entre San Mateo del Mar y Santa Mar\u00eda del Mar; la agilizaci\u00f3n de los expedientes por despojo y los delitos que se configuren contra los comuneros de San Mateo del Mar; una nueva red de energ\u00eda el\u00e9ctrica; castigo a los responsables del secuestro de los dos comuneros de Santa Mar\u00eda del Mar ocurrido&nbsp;&nbsp;desde el 2009 a la fecha.<\/p>\n\n\n\n<p>Exigencias que tambi\u00e9n hicieron de conocimiento de las instancias encargadas de garantizar los de Derechos Humanos a nivel local, nacional e internacional.&nbsp;<br class=\"Apple-interchange-newline\" \/><\/p>\n","protected":false},"excerpt":{"rendered":"<p>Evlin Arag\u00f3n\/Zona Roja. Oaxaca de Ju\u00e1rez, Oax., 7 de enero de 2020.- &nbsp;\u201cSoy de Santa&hellip;<\/p>\n","protected":false},"author":2,"featured_media":7389,"comment_status":"closed","ping_status":"open","sticky":false,"template":"","format":"standard","meta":{"_lmt_disableupdate":"","_lmt_disable":"","_jetpack_memberships_contains_paid_content":false,"footnotes":""},"categories":[109,47],"tags":[893],"class_list":["post-7390","post","type-post","status-publish","format-standard","has-post-thumbnail","hentry","category-minuto-a-minuto","category-zona-gris","tag-santa-maria-del-mar"],"jetpack_featured_media_url":"https:\/\/zonaroja.com.mx\/wp-content\/uploads\/2020\/01\/c4d8706b-859c-4223-bbd9-5182474db2ae.jpg","jetpack_sharing_enabled":true,"_links":{"self":[{"href":"https:\/\/zonaroja.com.mx\/index.php?rest_route=\/wp\/v2\/posts\/7390","targetHints":{"allow":["GET"]}}],"collection":[{"href":"https:\/\/zonaroja.com.mx\/index.php?rest_route=\/wp\/v2\/posts"}],"about":[{"href":"https:\/\/zonaroja.com.mx\/index.php?rest_route=\/wp\/v2\/types\/post"}],"author":[{"embeddable":true,"href":"https:\/\/zonaroja.com.mx\/index.php?rest_route=\/wp\/v2\/users\/2"}],"replies":[{"embeddable":true,"href":"https:\/\/zonaroja.com.mx\/index.php?rest_route=%2Fwp%2Fv2%2Fcomments&post=7390"}],"version-history":[{"count":1,"href":"https:\/\/zonaroja.com.mx\/index.php?rest_route=\/wp\/v2\/posts\/7390\/revisions"}],"predecessor-version":[{"id":7391,"href":"https:\/\/zonaroja.com.mx\/index.php?rest_route=\/wp\/v2\/posts\/7390\/revisions\/7391"}],"wp:featuredmedia":[{"embeddable":true,"href":"https:\/\/zonaroja.com.mx\/index.php?rest_route=\/wp\/v2\/media\/7389"}],"wp:attachment":[{"href":"https:\/\/zonaroja.com.mx\/index.php?rest_route=%2Fwp%2Fv2%2Fmedia&parent=7390"}],"wp:term":[{"taxonomy":"category","embeddable":true,"href":"https:\/\/zonaroja.com.mx\/index.php?rest_route=%2Fwp%2Fv2%2Fcategories&post=7390"},{"taxonomy":"post_tag","embeddable":true,"href":"https:\/\/zonaroja.com.mx\/index.php?rest_route=%2Fwp%2Fv2%2Ftags&post=7390"}],"curies":[{"name":"wp","href":"https:\/\/api.w.org\/{rel}","templated":true}]}}