{"id":73906,"date":"2024-10-28T22:26:13","date_gmt":"2024-10-29T04:26:13","guid":{"rendered":"https:\/\/zonaroja.com.mx\/?p=73906"},"modified":"2024-10-28T22:26:15","modified_gmt":"2024-10-29T04:26:15","slug":"vive-oaxaca-otro-inicio-de-semana-intenso-de-protestas","status":"publish","type":"post","link":"https:\/\/zonaroja.com.mx\/?p=73906","title":{"rendered":"Vive Oaxaca otro inicio de semana intenso de protestas"},"content":{"rendered":"\n<p>Raymundo Morales\/Zona Roja.<\/p>\n\n\n\n<p>Oaxaca de Ju\u00e1rez, Oax., a 28 de octubre de 2024.- De nueva cuenta, Oaxaca vivi\u00f3 un d\u00eda con m\u00faltiples bloqueos, marchas, \u201cplantones\u201d y paro de labores.<\/p>\n\n\n\n<p>Este lunes se cumplieron cinco d\u00edas del paro de actividades en la oficina matriz y las 26 sucursales del Monte de Piedad del Estado de Oaxaca, por parte de trabajadores sindicalizados.<\/p>\n\n\n\n<p>Inicialmente la demanda era cumplimiento a asuntos laborales pendientes pero posteriormente se le agregaron denuncias de casos de acoso laboral y ahora la exigencia \u00fanica es la renuncia del director Omar Juli\u00e1n Juli\u00e1n.<\/p>\n\n\n\n<p>De la parte oficial, hasta el momento no hay ninguna informaci\u00f3n acerca de la atenci\u00f3n que se brinda a la problem\u00e1tica.<\/p>\n\n\n\n<p>La jornada del lunes inici\u00f3 con una marcha por parte de organizaciones sociales, entre ellas el MULT, de la fuente de las Ocho Regiones hacia el z\u00f3calo.<\/p>\n\n\n\n<p>La exigencia, reinicio del di\u00e1logo con las autoridades estatales y federales para lograr la pacificaci\u00f3n en la zona triqui y el retorno de desplazados de comunidades de Copala; la misma manifestaci\u00f3n se replic\u00f3 en la Ciudad de M\u00e9xico.<\/p>\n\n\n\n<p>Tambi\u00e9n al exterior del Palacio de Gobierno arrib\u00f3 un grupo de transportistas del distrito de Ocotl\u00e1n, encabezado por Alberto Rebollar L\u00f3pez, que denunci\u00f3 m\u00faltiples irregularidades y presunta corrupci\u00f3n en la Secretar\u00eda de Movilidad, que preside Claudina De Gyves.<\/p>\n\n\n\n<p>Tambi\u00e9n a temprana hora, un grupo de personas se apoder\u00f3 de la caseta de peaje Huitzo de la supercarretera Oaxaca-M\u00e9xico, para cobrar cuotas propias; horas despu\u00e9s arribaron elementos de la Polic\u00eda Estatal que los desalojaron y detuvo a siete de ellos.<\/p>\n\n\n\n<p>En la regi\u00f3n del Istmo, sectores de la Secci\u00f3n 22 del Sindicato Nacional de Trabajadores de la Educaci\u00f3n efectuaron movilizaciones, para exigir atenci\u00f3n a diversas demandas.<\/p>\n\n\n\n<p>Tambi\u00e9n en el Istmo, la subsecci\u00f3n 02 de la Secci\u00f3n 35 del Sindicato Nacional de Trabajadores de Salud par\u00f3 labores por m\u00faltiples peticiones al IMSS-Bienestar, entre ellos el pago de un bono por el d\u00eda del empleado.<\/p>\n\n\n\n<p>Con la misma demanda, adem\u00e1s de equipamiento y medicinas, par\u00f3 labores personal sindicalizado del Hospital General \u201cDr. Aurelio Valdivieso\u201d, en la capital; la protesta prev\u00e9n continuarla ma\u00f1ana.<\/p>\n","protected":false},"excerpt":{"rendered":"<p>Raymundo Morales\/Zona Roja. Oaxaca de Ju\u00e1rez, Oax., a 28 de octubre de 2024.- De nueva&hellip;<\/p>\n","protected":false},"author":2,"featured_media":73907,"comment_status":"closed","ping_status":"open","sticky":false,"template":"","format":"standard","meta":{"_lmt_disableupdate":"","_lmt_disable":"","_jetpack_memberships_contains_paid_content":false,"footnotes":""},"categories":[109,47],"tags":[2047],"class_list":["post-73906","post","type-post","status-publish","format-standard","has-post-thumbnail","hentry","category-minuto-a-minuto","category-zona-gris","tag-protestas-sociales-en-oaxaca"],"jetpack_featured_media_url":"https:\/\/zonaroja.com.mx\/wp-content\/uploads\/2024\/10\/Protestas-Oaxaca-28-de-octubre.jpg","jetpack_sharing_enabled":true,"_links":{"self":[{"href":"https:\/\/zonaroja.com.mx\/index.php?rest_route=\/wp\/v2\/posts\/73906","targetHints":{"allow":["GET"]}}],"collection":[{"href":"https:\/\/zonaroja.com.mx\/index.php?rest_route=\/wp\/v2\/posts"}],"about":[{"href":"https:\/\/zonaroja.com.mx\/index.php?rest_route=\/wp\/v2\/types\/post"}],"author":[{"embeddable":true,"href":"https:\/\/zonaroja.com.mx\/index.php?rest_route=\/wp\/v2\/users\/2"}],"replies":[{"embeddable":true,"href":"https:\/\/zonaroja.com.mx\/index.php?rest_route=%2Fwp%2Fv2%2Fcomments&post=73906"}],"version-history":[{"count":1,"href":"https:\/\/zonaroja.com.mx\/index.php?rest_route=\/wp\/v2\/posts\/73906\/revisions"}],"predecessor-version":[{"id":73908,"href":"https:\/\/zonaroja.com.mx\/index.php?rest_route=\/wp\/v2\/posts\/73906\/revisions\/73908"}],"wp:featuredmedia":[{"embeddable":true,"href":"https:\/\/zonaroja.com.mx\/index.php?rest_route=\/wp\/v2\/media\/73907"}],"wp:attachment":[{"href":"https:\/\/zonaroja.com.mx\/index.php?rest_route=%2Fwp%2Fv2%2Fmedia&parent=73906"}],"wp:term":[{"taxonomy":"category","embeddable":true,"href":"https:\/\/zonaroja.com.mx\/index.php?rest_route=%2Fwp%2Fv2%2Fcategories&post=73906"},{"taxonomy":"post_tag","embeddable":true,"href":"https:\/\/zonaroja.com.mx\/index.php?rest_route=%2Fwp%2Fv2%2Ftags&post=73906"}],"curies":[{"name":"wp","href":"https:\/\/api.w.org\/{rel}","templated":true}]}}