{"id":73909,"date":"2024-10-29T07:20:00","date_gmt":"2024-10-29T13:20:00","guid":{"rendered":"https:\/\/zonaroja.com.mx\/?p=73909"},"modified":"2024-10-29T06:41:34","modified_gmt":"2024-10-29T12:41:34","slug":"preven-en-la-scjn-declarar-inconstitucional-la-reforma-judicial","status":"publish","type":"post","link":"https:\/\/zonaroja.com.mx\/?p=73909","title":{"rendered":"Prev\u00e9n en la SCJN declarar inconstitucional la reforma judicial"},"content":{"rendered":"\n<p>Redacci\u00f3n\/Zona Roja Cdmx.<\/p>\n\n\n\n<p>Ciudad de M\u00e9xico, a 29 de octubre de 2024.- El ministro de la Suprema Corte de Justicia de la Naci\u00f3n (SCJN) Juan Luis Gonz\u00e1lez Alc\u00e1ntara Carranc\u00e1 public\u00f3 un proyecto para declarar inconstitucional parte de la reforma judicial.<\/p>\n\n\n\n<p>Este proyecto plantea la invalidaci\u00f3n de dos puntos claves:<\/p>\n\n\n\n<p>La elecci\u00f3n por voto popular de jueces y magistrados federales.<\/p>\n\n\n\n<p>La figura de los \u201cjueces sin rostro\u201d, que tiene como objetivo resguardar la identidad de los juzgadores en casos de delincuencia organizada.<\/p>\n\n\n\n<p>Por otra parte, en la pr\u00f3xima sesi\u00f3n del pleno se avalar\u00eda la elecci\u00f3n de ministros de la Suprema Corte de Justicia de la Naci\u00f3n, as\u00ed como de los magistrados del Tribunal Electoral del Poder Judicial de la Federaci\u00f3n.<\/p>\n\n\n\n<p>HAY RENUNCIAS<\/p>\n\n\n\n<p>Por otra parte, en el pleno de la Suprema Corte de Justicia, siete ministros presentar\u00e1n su renuncia.<\/p>\n\n\n\n<p>Se trata de la ministra presidenta Norma Pi\u00f1a Hern\u00e1ndez, y los ministros Javier Laynez Potisek, Alfredo Guti\u00e9rrez Ortiz Mena, Margarita R\u00edos Farjat, Alberto P\u00e9rez Day\u00e1n, Jorge Mario Pardo Rebolledo y Juan Luis Gonz\u00e1lez Alc\u00e1ntara Carranc\u00e1.<\/p>\n\n\n\n<p>Las renuncias surtir\u00e1n efecto hacia agosto de 2025.<\/p>\n\n\n\n<p>Los ministros referidos, junto al ministro Luis Mar\u00eda Aguilar&nbsp;que concluir\u00e1 su encargo el 30 de noviembre, han manifestado su postura en contra de la reforma judicial que impuls\u00f3 el ahora expresidente Andr\u00e9s Manuel L\u00f3pez Obrador.<\/p>\n\n\n\n<p>En contraste, las ministras Loretta Ortiz, Yasm\u00edn Esquivel y Lenia Batres se han posicionado a favor de dicha reforma.<\/p>\n\n\n\n<p>(Informaci\u00f3n de L\u00f3pez-D\u00f3riga Digital)<\/p>\n","protected":false},"excerpt":{"rendered":"<p>Redacci\u00f3n\/Zona Roja Cdmx. Ciudad de M\u00e9xico, a 29 de octubre de 2024.- El ministro de&hellip;<\/p>\n","protected":false},"author":2,"featured_media":73910,"comment_status":"closed","ping_status":"open","sticky":false,"template":"","format":"standard","meta":{"_lmt_disableupdate":"","_lmt_disable":"","_jetpack_memberships_contains_paid_content":false,"footnotes":""},"categories":[109,46],"tags":[2878],"class_list":["post-73909","post","type-post","status-publish","format-standard","has-post-thumbnail","hentry","category-minuto-a-minuto","category-zona-blanca","tag-suprema-corte-de-justicia-de-la-nacion-scjn"],"jetpack_featured_media_url":"https:\/\/zonaroja.com.mx\/wp-content\/uploads\/2024\/10\/Ministro-Suprema-Corte.jpg.webp","jetpack_sharing_enabled":true,"_links":{"self":[{"href":"https:\/\/zonaroja.com.mx\/index.php?rest_route=\/wp\/v2\/posts\/73909","targetHints":{"allow":["GET"]}}],"collection":[{"href":"https:\/\/zonaroja.com.mx\/index.php?rest_route=\/wp\/v2\/posts"}],"about":[{"href":"https:\/\/zonaroja.com.mx\/index.php?rest_route=\/wp\/v2\/types\/post"}],"author":[{"embeddable":true,"href":"https:\/\/zonaroja.com.mx\/index.php?rest_route=\/wp\/v2\/users\/2"}],"replies":[{"embeddable":true,"href":"https:\/\/zonaroja.com.mx\/index.php?rest_route=%2Fwp%2Fv2%2Fcomments&post=73909"}],"version-history":[{"count":1,"href":"https:\/\/zonaroja.com.mx\/index.php?rest_route=\/wp\/v2\/posts\/73909\/revisions"}],"predecessor-version":[{"id":73911,"href":"https:\/\/zonaroja.com.mx\/index.php?rest_route=\/wp\/v2\/posts\/73909\/revisions\/73911"}],"wp:featuredmedia":[{"embeddable":true,"href":"https:\/\/zonaroja.com.mx\/index.php?rest_route=\/wp\/v2\/media\/73910"}],"wp:attachment":[{"href":"https:\/\/zonaroja.com.mx\/index.php?rest_route=%2Fwp%2Fv2%2Fmedia&parent=73909"}],"wp:term":[{"taxonomy":"category","embeddable":true,"href":"https:\/\/zonaroja.com.mx\/index.php?rest_route=%2Fwp%2Fv2%2Fcategories&post=73909"},{"taxonomy":"post_tag","embeddable":true,"href":"https:\/\/zonaroja.com.mx\/index.php?rest_route=%2Fwp%2Fv2%2Ftags&post=73909"}],"curies":[{"name":"wp","href":"https:\/\/api.w.org\/{rel}","templated":true}]}}