{"id":73912,"date":"2024-10-29T08:20:00","date_gmt":"2024-10-29T14:20:00","guid":{"rendered":"https:\/\/zonaroja.com.mx\/?p=73912"},"modified":"2024-10-29T07:09:03","modified_gmt":"2024-10-29T13:09:03","slug":"y-resulta-que-la-propietaria-de-la-marca-de-mezcal-mixes-es-ex-diputada-panista","status":"publish","type":"post","link":"https:\/\/zonaroja.com.mx\/?p=73912","title":{"rendered":"Y resulta que la propietaria de la marca de mezcal \u201cMixes\u201d es ex diputada panista"},"content":{"rendered":"\n<p>Raymundo Morales\/Zona Roja.<\/p>\n\n\n\n<p>Oaxaca de Ju\u00e1rez, Oax., a 29 de octubre de 2024.- Luego de dos d\u00edas de pol\u00e9mica y cientos de cr\u00edticas en contra de la periodista Paola Rojas, la ex diputada por el PAN, Martha Patricia Campos Orozco, aclar\u00f3 que ella es la propietaria de la marca de mezcal \u201cMixes\u201d.<\/p>\n\n\n\n<p>Y es que el domingo, la conductora de programas de televisi\u00f3n, entre ellos un noticiario del Grupo Imagen, subi\u00f3 a sus redes sociales una imagen para promocionar una marca de la bebida tradicional de Oaxaca.<\/p>\n\n\n\n<p>En la imagen de la publicaci\u00f3n precisa \u201cMezcal artesanal de Paola Rojas\u201d y \u201cme enorgullece presentarles mi mezcal artesanal\u201d, lo que gener\u00f3 una serie de reclamos, tanto de habitantes de pueblos originarios de Oaxaca, como legisladores, medios de comunicaci\u00f3n y usuarios de medios digitales en general.<\/p>\n\n\n\n<p>Una de ellas fue del activista Joaqu\u00edn Galv\u00e1n: \u201c\u00bfNos puedes explicar que esquema contractual estableci\u00f3 con los productores&nbsp; ayuujk del mezcal que ofreces con tu marca? \u00bfQui\u00e9n te autoriz\u00f3 registrar \u201cMixes\u201d como particular siendo una palabra colectiva para nombrar&nbsp; a nuestros pueblos?\u201d.<\/p>\n\n\n\n<p>El tema lleg\u00f3 a la conferencia de prensa del gobernador Salom\u00f3n Jara Cruz este lunes, quien inform\u00f3 que se revisar\u00e1 la situaci\u00f3n y se dar\u00eda acompa\u00f1amiento legal a los pueblos de la zona Mixe, pues consider\u00f3 que se trata de una apropiaci\u00f3n cultural.<\/p>\n\n\n\n<p>Tambi\u00e9n el titular de la Consejer\u00eda Jur\u00eddica, Geovany V\u00e1squez Sagrero, puntualiz\u00f3 acerca este probable delito y sus implicaciones, as\u00ed como el proceso jur\u00eddico ante el Instituto Mexicano de la Propiedad Industrial (IMPI) para retirar el nombre.<\/p>\n\n\n\n<p>TARD\u00cdA RESPUESTA<\/p>\n\n\n\n<p>Ante los m\u00faltiples reclamos, la periodista Paola Rojas reaccion\u00f3 hasta la tarde de ayer, en un escueto video y en tono irritado, en que precis\u00f3 que la marca de mezcal no es de su propiedad.<\/p>\n\n\n\n<p>\u201cEn relaci\u00f3n con el Mezcal \u2018Mixes\u2019, quiero aclarar que se trata de una marca de productores independientes que me pidieron su apoyo para dar a conocer su mezcal, yo no soy due\u00f1a de esa marca, ni tampoco la he registrado en momento alguno, me pidieron apoyo en la difusi\u00f3n, eso es todo, muchas gracias\u201d, dijo en un video.<\/p>\n\n\n\n<p>Tras ello, difundi\u00f3 un documento, sin nombre y sin logotipos ni firmas, en que se precisaba que la marca era propiedad de Martha Patricia Campos Orozco, ex diputada por el PAN y empresaria mezclara.<\/p>\n\n\n\n<p>\u201cLa periodista desinteresadamente ofreci\u00f3 su imagen para apoyarnos, no forma parte de la empresa, y no tiene ning\u00fan inter\u00e9s, solo su aprecio a los productores peque\u00f1os como nosotros\u201d.<\/p>\n\n\n\n<p>La supuesta due\u00f1a de la marca dijo que desde hace 30 a\u00f1os trabaja con las comunidades indigenas; sin embargo, tambi\u00e9n en redes sociales le reclamaron que su \u00fanica \u00e1rea de influencia era el distrito de Tlacolula mas no la zona Mixe.<\/p>\n\n\n\n<p>M\u00e1s tarde, emiti\u00f3 el mismo comunicado pero ya con logotipos de su empresa.<\/p>\n","protected":false},"excerpt":{"rendered":"<p>Raymundo Morales\/Zona Roja. Oaxaca de Ju\u00e1rez, Oax., a 29 de octubre de 2024.- Luego de&hellip;<\/p>\n","protected":false},"author":2,"featured_media":73913,"comment_status":"closed","ping_status":"open","sticky":false,"template":"","format":"standard","meta":{"_lmt_disableupdate":"","_lmt_disable":"","_jetpack_memberships_contains_paid_content":false,"footnotes":""},"categories":[109,47],"tags":[4095,4096],"class_list":["post-73912","post","type-post","status-publish","format-standard","has-post-thumbnail","hentry","category-minuto-a-minuto","category-zona-gris","tag-mexcal-mixes","tag-paola-rojas"],"jetpack_featured_media_url":"https:\/\/zonaroja.com.mx\/wp-content\/uploads\/2024\/10\/Mezcal-mixes-Paola-Rojas.jpeg","jetpack_sharing_enabled":true,"_links":{"self":[{"href":"https:\/\/zonaroja.com.mx\/index.php?rest_route=\/wp\/v2\/posts\/73912","targetHints":{"allow":["GET"]}}],"collection":[{"href":"https:\/\/zonaroja.com.mx\/index.php?rest_route=\/wp\/v2\/posts"}],"about":[{"href":"https:\/\/zonaroja.com.mx\/index.php?rest_route=\/wp\/v2\/types\/post"}],"author":[{"embeddable":true,"href":"https:\/\/zonaroja.com.mx\/index.php?rest_route=\/wp\/v2\/users\/2"}],"replies":[{"embeddable":true,"href":"https:\/\/zonaroja.com.mx\/index.php?rest_route=%2Fwp%2Fv2%2Fcomments&post=73912"}],"version-history":[{"count":1,"href":"https:\/\/zonaroja.com.mx\/index.php?rest_route=\/wp\/v2\/posts\/73912\/revisions"}],"predecessor-version":[{"id":73914,"href":"https:\/\/zonaroja.com.mx\/index.php?rest_route=\/wp\/v2\/posts\/73912\/revisions\/73914"}],"wp:featuredmedia":[{"embeddable":true,"href":"https:\/\/zonaroja.com.mx\/index.php?rest_route=\/wp\/v2\/media\/73913"}],"wp:attachment":[{"href":"https:\/\/zonaroja.com.mx\/index.php?rest_route=%2Fwp%2Fv2%2Fmedia&parent=73912"}],"wp:term":[{"taxonomy":"category","embeddable":true,"href":"https:\/\/zonaroja.com.mx\/index.php?rest_route=%2Fwp%2Fv2%2Fcategories&post=73912"},{"taxonomy":"post_tag","embeddable":true,"href":"https:\/\/zonaroja.com.mx\/index.php?rest_route=%2Fwp%2Fv2%2Ftags&post=73912"}],"curies":[{"name":"wp","href":"https:\/\/api.w.org\/{rel}","templated":true}]}}