{"id":73915,"date":"2024-10-29T09:30:00","date_gmt":"2024-10-29T15:30:00","guid":{"rendered":"https:\/\/zonaroja.com.mx\/?p=73915"},"modified":"2024-10-29T07:42:00","modified_gmt":"2024-10-29T13:42:00","slug":"se-une-asociacion-cedhapi-al-clamor-por-busqueda-de-judith-vianney","status":"publish","type":"post","link":"https:\/\/zonaroja.com.mx\/?p=73915","title":{"rendered":"Se une asociaci\u00f3n Cedhapi al clamor por b\u00fasqueda de Judith Vianney"},"content":{"rendered":"\n<p>Raymundo Morale\/Zona Roja.<\/p>\n\n\n\n<p>Oaxaca de Ju\u00e1rez, Oax., a 29 de octubre de 2024.- La enfermera Judith Vianney Toledo Santos cumpli\u00f3 una semana de estar desaparecida.<\/p>\n\n\n\n<p>A la exigencia de b\u00fasqueda se sum\u00f3 la asociaci\u00f3n civil Centro de Derechos Humanos y Asesor\u00eda a Pueblos Ind\u00edgenas (Cedhapi), que demand\u00f3 se intensifiquen las labores para hallar con vida a quien labora como enfermera en el hospital \u201cPresidente Ju\u00e1rez\u201d ISSSTE, en la ciudad&nbsp; de Oaxaca.<\/p>\n\n\n\n<p>Fue el d\u00eda 22 de octubre pasado en que fue la \u00faltima vez que se vio a la joven Judith Vianney, alrededor de las 07:30 de la ma\u00f1ana,&nbsp; tras salir de su centro laboral que se ubica en la calle Dr. Gerardo Varela 617, colonia Lomas del Crest\u00f3n de la capital y hasta el momento se desconoce su paradero.<\/p>\n\n\n\n<p>La Fiscal\u00eda General del Estado de Oaxaca inici\u00f3 la carpeta de investigaci\u00f3n n\u00famero 32626\/UNOL\/2024&nbsp; por la desaparici\u00f3n de Judith Vianney Toledo Santos ante la Unidad de B\u00fasqueda de Personas no Localizadas.&nbsp;<\/p>\n\n\n\n<p>Recientemente Judith Vianney se titul\u00f3 de la Facultad&nbsp;de Enfermer\u00eda y Obstetricia de la Universidad Aut\u00f3noma \u00abBenito Ju\u00e1rez\u201d de Oaxaca; tiene dos hijos menores de edad.<\/p>\n\n\n\n<p>El comunicado y petici\u00f3n del Cedhapi que preside Maurilio Santiago Reyes es respaldado por la se\u00f1ora Judith Santos Mendoza, quien el pasado domingo encabez\u00f3 una marcha en la ciudad de Oaxaca.<\/p>\n\n\n\n<p>Junto con familiares y amistades de la joven, de 29 a\u00f1os de edad, bloque\u00f3 adem\u00e1s vialidades aleda\u00f1as a la sede de la Fiscal\u00eda General en la calle Arista del centro de la capital.<\/p>\n\n\n\n<p>Hasta el momento se desconoce la situaci\u00f3n de la joven y contin\u00faan los operativos para dar con su paradero.<\/p>\n","protected":false},"excerpt":{"rendered":"<p>Raymundo Morale\/Zona Roja. Oaxaca de Ju\u00e1rez, Oax., a 29 de octubre de 2024.- La enfermera&hellip;<\/p>\n","protected":false},"author":2,"featured_media":73917,"comment_status":"closed","ping_status":"open","sticky":false,"template":"","format":"standard","meta":{"_lmt_disableupdate":"","_lmt_disable":"","_jetpack_memberships_contains_paid_content":false,"footnotes":""},"categories":[109,46],"tags":[4097],"class_list":["post-73915","post","type-post","status-publish","format-standard","has-post-thumbnail","hentry","category-minuto-a-minuto","category-zona-blanca","tag-judith-vianney-toledo-santos"],"jetpack_featured_media_url":"https:\/\/zonaroja.com.mx\/wp-content\/uploads\/2024\/10\/Marcha-busqueda-Judith-Vianney.jpg","jetpack_sharing_enabled":true,"_links":{"self":[{"href":"https:\/\/zonaroja.com.mx\/index.php?rest_route=\/wp\/v2\/posts\/73915","targetHints":{"allow":["GET"]}}],"collection":[{"href":"https:\/\/zonaroja.com.mx\/index.php?rest_route=\/wp\/v2\/posts"}],"about":[{"href":"https:\/\/zonaroja.com.mx\/index.php?rest_route=\/wp\/v2\/types\/post"}],"author":[{"embeddable":true,"href":"https:\/\/zonaroja.com.mx\/index.php?rest_route=\/wp\/v2\/users\/2"}],"replies":[{"embeddable":true,"href":"https:\/\/zonaroja.com.mx\/index.php?rest_route=%2Fwp%2Fv2%2Fcomments&post=73915"}],"version-history":[{"count":1,"href":"https:\/\/zonaroja.com.mx\/index.php?rest_route=\/wp\/v2\/posts\/73915\/revisions"}],"predecessor-version":[{"id":73918,"href":"https:\/\/zonaroja.com.mx\/index.php?rest_route=\/wp\/v2\/posts\/73915\/revisions\/73918"}],"wp:featuredmedia":[{"embeddable":true,"href":"https:\/\/zonaroja.com.mx\/index.php?rest_route=\/wp\/v2\/media\/73917"}],"wp:attachment":[{"href":"https:\/\/zonaroja.com.mx\/index.php?rest_route=%2Fwp%2Fv2%2Fmedia&parent=73915"}],"wp:term":[{"taxonomy":"category","embeddable":true,"href":"https:\/\/zonaroja.com.mx\/index.php?rest_route=%2Fwp%2Fv2%2Fcategories&post=73915"},{"taxonomy":"post_tag","embeddable":true,"href":"https:\/\/zonaroja.com.mx\/index.php?rest_route=%2Fwp%2Fv2%2Ftags&post=73915"}],"curies":[{"name":"wp","href":"https:\/\/api.w.org\/{rel}","templated":true}]}}