{"id":7392,"date":"2020-01-07T17:44:00","date_gmt":"2020-01-07T23:44:00","guid":{"rendered":"http:\/\/www.zonaroja.com.mx\/?p=7392"},"modified":"2020-01-07T18:16:13","modified_gmt":"2020-01-08T00:16:13","slug":"enfrentamiento-armado-entre-transportistas-deja-dos-mujeres-heridas","status":"publish","type":"post","link":"https:\/\/zonaroja.com.mx\/?p=7392","title":{"rendered":"Enfrentamiento armado entre transportistas deja dos mujeres heridas"},"content":{"rendered":"\n<p>Ismael\nGarc\u00eda M.<\/p>\n\n\n\n<p>Santa\nLuc\u00eda del Camino, Oax., 7 de enero de 2020.- Un enfrentamiento armado ocurrido en\nSanta Luc\u00eda del Camino entre transportistas dej\u00f3 como saldo dos mujeres\nlesionadas de bala y al menos seis detenidos, presuntos implicados en los hechos.<\/p>\n\n\n\n<p>En busca de m\u00e1s participantes, cuerpos policiacos federales y estatales mantienen operativos de b\u00fasqueda esta tarde, en Santa Luc\u00eda, Santa Cruz Amilpas, San Francisco Tutla, San Sebasti\u00e1n Tutla y San Andr\u00e9s Huay\u00e1pam.<\/p>\n\n\n\n<figure class=\"wp-block-embed-twitter wp-block-embed is-type-rich is-provider-twitter\"><div class=\"wp-block-embed__wrapper\">\n<div class=\"twitter-tweet\"><blockquote class=\"twitter-tweet\" data-lang=\"es\"><p lang=\"es\" dir=\"ltr\"><a href=\"https:\/\/twitter.com\/hashtag\/OaxacaRojo?src=hash&amp;ref_src=twsrc%5Etfw\">#OaxacaRojo<\/a><br>Una mujer y una mejor de edad heridas de bala en los disparos de arma de fuego en avenida Ferrocarril, Santa Luc\u00eda del Camino; ya hay al menos cuatro personas detenidas y un veh\u00edculo asegurado. <a href=\"https:\/\/t.co\/g2w2xKSu08\">pic.twitter.com\/g2w2xKSu08<\/a><\/p>&mdash; Zona Roja Oaxaca (@MexRoja) <a href=\"https:\/\/twitter.com\/MexRoja\/status\/1214628478588317696?ref_src=twsrc%5Etfw\">7 de enero de 2020<\/a><\/blockquote><\/div>\n<\/div><\/figure>\n\n\n\n<p>Fue\nalrededor de las 12:00 horas de este martes en que se suscitaron las\ndetonaciones de arma de fuego, sobre la avenida Ferrocarril, casi en la\ncolindancia con Santa Cruz Amilpas; supuestamente miembros de la Confederaci\u00f3n Aut\u00f3noma\nde Trabajadores y Empleados de M\u00e9xico (CATEM) fueron agredidos por CATEM Joven,\npor la disputa del acarreo de materiales de construcci\u00f3n.<\/p>\n\n\n\n<p>La\nse\u00f1ora Rosal\u00eda Ch\u00e1vez, de 82 a\u00f1os de edad, caminaba por el lugar y fue alcanzada\npor las balas en el t\u00f3rax, mientras que su nieta Concepci\u00f3n Calder\u00f3n, de 22 a\u00f1os,\nfue herida en un brazo. Fueron trasladadas al Hospital Civil \u201cDr. Aurelio\nValdivieso\u201d de la capital.<\/p>\n\n\n\n<p>Tras los hechos, elementos de las polic\u00edas municipal y estatal, as\u00ed como de la Agencia Estatal de Investigaciones iniciaron persecuciones y b\u00fasquedas por zonas aleda\u00f1as.<\/p>\n\n\n\n<figure class=\"wp-block-embed-twitter wp-block-embed is-type-rich is-provider-twitter\"><div class=\"wp-block-embed__wrapper\">\n<div class=\"twitter-tweet\"><blockquote class=\"twitter-tweet\" data-lang=\"es\"><p lang=\"es\" dir=\"ltr\"><a href=\"https:\/\/twitter.com\/hashtag\/OaxacaRojo?src=hash&amp;ref_src=twsrc%5Etfw\">#OaxacaRojo<\/a><br>En bandazos, y sin la respectiva orden, personal de la <a href=\"https:\/\/twitter.com\/Policia_GobOax?ref_src=twsrc%5Etfw\">@Policia_GobOax<\/a> <a href=\"https:\/\/twitter.com\/AEI_Oaxaca?ref_src=twsrc%5Etfw\">@AEI_Oaxaca<\/a> y <a href=\"https:\/\/twitter.com\/GN_MEXICO_?ref_src=twsrc%5Etfw\">@GN_MEXICO_<\/a> realizan cateos en domicilios y negocios en la zona oriente, en busca de qui\u00e9nes participaron en el enfrentamiento a balazos ocurrido en Santa Luc\u00eda del Camino. <a href=\"https:\/\/t.co\/J3W0ZuThh6\">pic.twitter.com\/J3W0ZuThh6<\/a><\/p>&mdash; Zona Roja Oaxaca (@MexRoja) <a href=\"https:\/\/twitter.com\/MexRoja\/status\/1214665801011097600?ref_src=twsrc%5Etfw\">7 de enero de 2020<\/a><\/blockquote><\/div>\n<\/div><\/figure>\n\n\n\n<p>En un sitio, interceptaron a un autom\u00f3vil tipo Corsa, color negro, con placas de circulaci\u00f3n LWA-73-74 y arrestaron a dos personas. Posteriormente localizaron una camioneta Toyota tipo Tacoma, adem\u00e1s de un veh\u00edculo Nissan, tipo Tiida, color blanco.<\/p>\n\n\n\n<p>En total son hasta el momento seis personas las detenidas, identificadas como Federico Jes\u00fas C. R., Salvador R. A., V\u00edctor Manuel R. P. Francisco Ezequiel C., Antonio L. (de Veracruz) y Gonzalo M. S. (de Sinaloa), quienes fueron puestos a disposici\u00f3n del Ministerio P\u00fablico.<\/p>\n\n\n\n<figure class=\"wp-block-embed-twitter wp-block-embed is-type-rich is-provider-twitter\"><div class=\"wp-block-embed__wrapper\">\n<div class=\"twitter-tweet\"><blockquote class=\"twitter-tweet\" data-lang=\"es\"><p lang=\"es\" dir=\"ltr\"><a href=\"https:\/\/twitter.com\/hashtag\/OaxacaRoja?src=hash&amp;ref_src=twsrc%5Etfw\">#OaxacaRoja<\/a><br>Una hora despu\u00e9s de los hechos violentos en la avenida Ferrocarril, Santa Luc\u00eda del Camino, arrib\u00f3 una partida de la <a href=\"https:\/\/twitter.com\/GN_MEXICO_?ref_src=twsrc%5Etfw\">@GN_MEXICO_<\/a>, para tomar nota de los hechos. <a href=\"https:\/\/t.co\/xrhFvVKAlJ\">pic.twitter.com\/xrhFvVKAlJ<\/a><\/p>&mdash; Zona Roja Oaxaca (@MexRoja) <a href=\"https:\/\/twitter.com\/MexRoja\/status\/1214633661317840896?ref_src=twsrc%5Etfw\">7 de enero de 2020<\/a><\/blockquote><\/div>\n<\/div><\/figure>\n","protected":false},"excerpt":{"rendered":"<p>Ismael Garc\u00eda M. Santa Luc\u00eda del Camino, Oax., 7 de enero de 2020.- Un enfrentamiento&hellip;<\/p>\n","protected":false},"author":2,"featured_media":7393,"comment_status":"closed","ping_status":"open","sticky":false,"template":"","format":"standard","meta":{"_lmt_disableupdate":"","_lmt_disable":"","_jetpack_memberships_contains_paid_content":false,"footnotes":""},"categories":[109,51],"tags":[1069,337],"class_list":["post-7392","post","type-post","status-publish","format-standard","has-post-thumbnail","hentry","category-minuto-a-minuto","category-zona-roja","tag-confederacion-autonoma-de-trabajadores-y-empleados-de-mexico-catem","tag-santa-lucia-del-camino"],"jetpack_featured_media_url":"https:\/\/zonaroja.com.mx\/wp-content\/uploads\/2020\/01\/Balacera-Santa-Luc\u00eda.jpg","jetpack_sharing_enabled":true,"_links":{"self":[{"href":"https:\/\/zonaroja.com.mx\/index.php?rest_route=\/wp\/v2\/posts\/7392","targetHints":{"allow":["GET"]}}],"collection":[{"href":"https:\/\/zonaroja.com.mx\/index.php?rest_route=\/wp\/v2\/posts"}],"about":[{"href":"https:\/\/zonaroja.com.mx\/index.php?rest_route=\/wp\/v2\/types\/post"}],"author":[{"embeddable":true,"href":"https:\/\/zonaroja.com.mx\/index.php?rest_route=\/wp\/v2\/users\/2"}],"replies":[{"embeddable":true,"href":"https:\/\/zonaroja.com.mx\/index.php?rest_route=%2Fwp%2Fv2%2Fcomments&post=7392"}],"version-history":[{"count":3,"href":"https:\/\/zonaroja.com.mx\/index.php?rest_route=\/wp\/v2\/posts\/7392\/revisions"}],"predecessor-version":[{"id":7396,"href":"https:\/\/zonaroja.com.mx\/index.php?rest_route=\/wp\/v2\/posts\/7392\/revisions\/7396"}],"wp:featuredmedia":[{"embeddable":true,"href":"https:\/\/zonaroja.com.mx\/index.php?rest_route=\/wp\/v2\/media\/7393"}],"wp:attachment":[{"href":"https:\/\/zonaroja.com.mx\/index.php?rest_route=%2Fwp%2Fv2%2Fmedia&parent=7392"}],"wp:term":[{"taxonomy":"category","embeddable":true,"href":"https:\/\/zonaroja.com.mx\/index.php?rest_route=%2Fwp%2Fv2%2Fcategories&post=7392"},{"taxonomy":"post_tag","embeddable":true,"href":"https:\/\/zonaroja.com.mx\/index.php?rest_route=%2Fwp%2Fv2%2Ftags&post=7392"}],"curies":[{"name":"wp","href":"https:\/\/api.w.org\/{rel}","templated":true}]}}