{"id":73933,"date":"2024-10-29T12:57:00","date_gmt":"2024-10-29T18:57:00","guid":{"rendered":"https:\/\/zonaroja.com.mx\/?p=73933"},"modified":"2024-10-29T10:03:53","modified_gmt":"2024-10-29T16:03:53","slug":"opinion-el-trapiche-cincuenta-anos-despues","status":"publish","type":"post","link":"https:\/\/zonaroja.com.mx\/?p=73933","title":{"rendered":"Opini\u00f3n. El Trapiche, cincuenta a\u00f1os despu\u00e9s \u00a0"},"content":{"rendered":"\n<p>Isidoro Yescas*<\/p>\n\n\n\n<p>\u201cLa&nbsp;madrugada&nbsp;del&nbsp;29&nbsp;de&nbsp;octubre&nbsp;de&nbsp;1974&nbsp;un grupo&nbsp;de&nbsp;125&nbsp;campesinos&nbsp;del&nbsp;poblado&nbsp;de&nbsp;El Trapiche&nbsp;tomaron&nbsp;las 97 hect\u00e1reas de la hacienda del mismo nombre. Con el tiempo y luego de gestiones apoyadas por el Bufete jur\u00eddico&nbsp;de&nbsp;laUniversidad&nbsp;Aut\u00f3noma&nbsp;\u201cBenito&nbsp;Ju\u00e1rez\u201d&nbsp;de&nbsp;Oaxaca y&nbsp;el&nbsp;respaldo&nbsp;pol\u00edtico,&nbsp;moral&nbsp;y&nbsp;organizativo&nbsp;de&nbsp;la Coalici\u00f3n Obrero Campesina Estudiantil de Oaxaca (COCEO), lograron que las autoridades les asignaran en propiedad&nbsp;las&nbsp;tierras&nbsp;conquistadas,&nbsp;a trav\u00e9s&nbsp;de&nbsp;una&nbsp;resoluci\u00f3n&nbsp;que&nbsp;consider\u00f3&nbsp;a&nbsp;ese predio&nbsp;como&nbsp;ampliaci\u00f3n&nbsp;de ejido, aunque desde la ocupaci\u00f3n comenzaron a producir bajo un nuevo esquema en el que tanto el trabajo para&nbsp;hacer producir&nbsp;la&nbsp;tierra&nbsp;como&nbsp;la&nbsp;cosecha&nbsp;se&nbsp;repart\u00edan equitativamente,&nbsp;y&nbsp;en&nbsp;torno&nbsp;a&nbsp;una&nbsp;estructura&nbsp;social llamada \u201cOrganizaci\u00f3n Colectiva El Trapiche\u201d.&nbsp;( p.24).&nbsp;<\/p>\n\n\n\n<p>El p\u00e1rrafo corresponde a la parte introductoria del libro&nbsp;\u201cEl Trapiche, un alentador ejemplo de producci\u00f3n agr\u00edcola comunal\u201d,&nbsp;escrita por Jacobo D\u00edaz Ortega y que&nbsp;ayer domingo&nbsp;28&nbsp;de octubre fue presentada&nbsp;por el autor &nbsp;en la agencia municipal de El Trapiche,&nbsp;en el municipio de Santa Cruz Mixtepec,&nbsp;Zimatl\u00e1n,&nbsp;ante&nbsp;campesinos que&nbsp;a\u00fan forman&nbsp;parte del colectivo y&nbsp;un nutrido grupo de universitarios que en la d\u00e9cada&nbsp;de los setenta fueron dirigentes y\/o activistas del Bufete Popular Universitario, la Federaci\u00f3n Estudiantil Oaxaque\u00f1a (FEO) y la Coalici\u00f3n Obrero Campesino Estudiantil de Oaxaca (COCEO), organizaciones&nbsp;co-part\u00edcipes&nbsp;de este proyecto de trabajo y producci\u00f3n colectiva de la tierra.<\/p>\n\n\n\n<p>El libro recoge los testimonios de una decena fundadores y dirigentes&nbsp;campesinos &nbsp;de&nbsp;la Organizaci\u00f3n Colectiva&nbsp;Trapiche que &nbsp;en&nbsp;la d\u00e9cada de los setenta&nbsp;se constituy\u00f3 en un referente estatal y nacional de lucha y organizaci\u00f3n campesina independiente en el contexto de&nbsp;otros movimientos sociales desarrollados en el pa\u00eds durante el sexenio de Luis Echeverr\u00eda&nbsp;Alvarez&nbsp;( 1970-1976).<\/p>\n\n\n\n<p>Como bien lo recuerda el autor, las 93 hect\u00e1reas invadidas pertenecieron a la&nbsp;exhacienda&nbsp;de El&nbsp;Trapiche ,&nbsp;propiedad de los hermanos Diego P\u00e9rez.De&nbsp;138&nbsp;campesinos (13 m\u00e1s se sumaron despu\u00e9s de &nbsp;la toma)&nbsp;que optaron por experimentar con el trabajo colectivo de las tierras invadidas e incursionar en otros proyectos productivos agropecuarios y en la maquila de ropa de mezclilla, 96 ya fallecieron ,y de 42 que a\u00fan viven, 39 radican &nbsp;en la&nbsp;comunidad, de los cuales no m\u00e1s de 20 a\u00fan se resisten a dejar morir un proyecto que, en sus mejores momentos, fue objeto de reconocimientos&nbsp;y apoyos&nbsp;por parte de los gobiernos estatal y federal .<\/p>\n\n\n\n<p>En &nbsp;palabras del dirigente David Garc\u00eda Baz\u00e1n \u201ctodo&nbsp;eso&nbsp;ten\u00eda&nbsp;que&nbsp;ver&nbsp;con&nbsp;nuestra&nbsp;decisi\u00f3n&nbsp;de tomar&nbsp;las&nbsp;tierras,&nbsp;de&nbsp;trabajar&nbsp;en&nbsp;forma&nbsp;colectiva y en desarrollar un sistema avanzado en la producci\u00f3n de leche, en la cr\u00eda y venta de vaquillas de registro, adem\u00e1s&nbsp;de&nbsp;borregos,&nbsp;chivos, guajolotes,&nbsp;gallinas&nbsp;y&nbsp;la&nbsp;siembra&nbsp;intensiva&nbsp;de hortalizas,&nbsp;antes&nbsp;de&nbsp;la&nbsp;maquiladora,&nbsp;y todo eso&nbsp;era una&nbsp;chulada,&nbsp;porque con&nbsp;toda esa&nbsp;bonanza compramos&nbsp;un carro,&nbsp;ya&nbsp;con&nbsp;dinero&nbsp;de&nbsp;la sociedad, al que&nbsp;llen\u00e1bamos&nbsp;con&nbsp;canastitas&nbsp;de&nbsp;carrizo&nbsp;que conten\u00edan&nbsp;jitomate&nbsp;de&nbsp;buena&nbsp;calidad.&nbsp;Las llev\u00e1bamos a&nbsp;Oaxaca&nbsp;y en&nbsp;otros viajes mand\u00e1bamos toneles de leche dos&nbsp;veces a las tres de la tarde, y otros a la una, dos o&nbsp;tres de la ma\u00f1ana o tambi\u00e9n hab\u00eda compradores que ven\u00edan a adquirirla aqu\u00ed.\u201d(&nbsp;pp.68-69).<\/p>\n\n\n\n<p>Sin embargo, m\u00faltiples factores externos e internos pesaron para que cincuenta a\u00f1os despu\u00e9s hoy pr\u00e1cticamente ya solo quede&nbsp;el&nbsp;glorioso recuerdo&nbsp;de una&nbsp;lucha y experiencia de organizaci\u00f3n y trabajo colectivo que por lo menos durante tres d\u00e9cadas result\u00f3 exitoso.&nbsp;<\/p>\n\n\n\n<p>Escribe Jacobo D\u00edaz: \u201cLa historia&nbsp;del&nbsp;surgimiento de&nbsp;la&nbsp;Organizaci\u00f3n&nbsp;Colectiva&nbsp;El Trapiche, enSanta&nbsp;Cruz Mixtepec,&nbsp;Oaxaca, tiene muchas caracter\u00edsticas que lo hacen \u00fanica, pero que sin embargo, cuando de mostrar su desenlace se trata, posee casi&nbsp;las mismas causales que el resto de los descalabros: infinidad de presiones externas de caciques,&nbsp;autoridades&nbsp;agrarias&nbsp;y&nbsp;estatales&nbsp;que&nbsp;no pod\u00edan&nbsp;admitir&nbsp;el&nbsp;surgimiento&nbsp;de&nbsp;nuevos&nbsp;modelos de&nbsp;producci\u00f3n&nbsp;debido&nbsp;al&nbsp;exitoso&nbsp;ejemplo&nbsp;que irradiaban,&nbsp;e&nbsp;internas,&nbsp;porque&nbsp;las&nbsp;ambiciones personales&nbsp;hicieron&nbsp;presa&nbsp;de&nbsp;algunos&nbsp;de sus miembros\u2026\u201d&nbsp;( pp.11-12).<\/p>\n\n\n\n<p>Trat\u00e1ndose de un libro b\u00e1sicamente testimonial, vale la pena para los interesados en el tema revisar otros&nbsp;dos&nbsp;textos&nbsp;estrechamente vinculados a &nbsp;la valiosa aportaci\u00f3n &nbsp; de D\u00edaz Ortega&nbsp;: \u201cProblem\u00e1tica agraria en Oaxaca: 1971-1975\u201d de Gloria Zafra ( publicado en&nbsp;Sociedad y Pol\u00edtica enOaxaca 1980, coordinado por Ra\u00fal Ben\u00edtez Zenteno),&nbsp;y&nbsp;Santa Gertrudis: testimonios de una lucha campesina, de Lorena Paz y Julio Moguel ( editorial Era, 1979).<\/p>\n\n\n\n<p>X: @YescasIsidoro<\/p>\n\n\n\n<p>*Maestro en Sociolog\u00eda.<\/p>\n\n\n\n<p>\u00b0&nbsp;versi\u00f3n&nbsp;corregida de lo&nbsp;publicado&nbsp;el 28 de octubre en \u201cNoticias\u201d.<\/p>\n","protected":false},"excerpt":{"rendered":"<p>Isidoro Yescas* \u201cLa&nbsp;madrugada&nbsp;del&nbsp;29&nbsp;de&nbsp;octubre&nbsp;de&nbsp;1974&nbsp;un grupo&nbsp;de&nbsp;125&nbsp;campesinos&nbsp;del&nbsp;poblado&nbsp;de&nbsp;El Trapiche&nbsp;tomaron&nbsp;las 97 hect\u00e1reas de la hacienda del mismo nombre. Con el&hellip;<\/p>\n","protected":false},"author":2,"featured_media":71623,"comment_status":"closed","ping_status":"open","sticky":false,"template":"","format":"standard","meta":{"_lmt_disableupdate":"","_lmt_disable":"","_jetpack_memberships_contains_paid_content":false,"footnotes":""},"categories":[456,109],"tags":[3998],"class_list":["post-73933","post","type-post","status-publish","format-standard","has-post-thumbnail","hentry","category-columna","category-minuto-a-minuto","tag-isidoro-yescas-martinez"],"jetpack_featured_media_url":"https:\/\/zonaroja.com.mx\/wp-content\/uploads\/2024\/08\/Opinion.-Isidoro-Yescas.jpg","jetpack_sharing_enabled":true,"_links":{"self":[{"href":"https:\/\/zonaroja.com.mx\/index.php?rest_route=\/wp\/v2\/posts\/73933","targetHints":{"allow":["GET"]}}],"collection":[{"href":"https:\/\/zonaroja.com.mx\/index.php?rest_route=\/wp\/v2\/posts"}],"about":[{"href":"https:\/\/zonaroja.com.mx\/index.php?rest_route=\/wp\/v2\/types\/post"}],"author":[{"embeddable":true,"href":"https:\/\/zonaroja.com.mx\/index.php?rest_route=\/wp\/v2\/users\/2"}],"replies":[{"embeddable":true,"href":"https:\/\/zonaroja.com.mx\/index.php?rest_route=%2Fwp%2Fv2%2Fcomments&post=73933"}],"version-history":[{"count":1,"href":"https:\/\/zonaroja.com.mx\/index.php?rest_route=\/wp\/v2\/posts\/73933\/revisions"}],"predecessor-version":[{"id":73934,"href":"https:\/\/zonaroja.com.mx\/index.php?rest_route=\/wp\/v2\/posts\/73933\/revisions\/73934"}],"wp:featuredmedia":[{"embeddable":true,"href":"https:\/\/zonaroja.com.mx\/index.php?rest_route=\/wp\/v2\/media\/71623"}],"wp:attachment":[{"href":"https:\/\/zonaroja.com.mx\/index.php?rest_route=%2Fwp%2Fv2%2Fmedia&parent=73933"}],"wp:term":[{"taxonomy":"category","embeddable":true,"href":"https:\/\/zonaroja.com.mx\/index.php?rest_route=%2Fwp%2Fv2%2Fcategories&post=73933"},{"taxonomy":"post_tag","embeddable":true,"href":"https:\/\/zonaroja.com.mx\/index.php?rest_route=%2Fwp%2Fv2%2Ftags&post=73933"}],"curies":[{"name":"wp","href":"https:\/\/api.w.org\/{rel}","templated":true}]}}