{"id":73952,"date":"2024-10-30T07:52:00","date_gmt":"2024-10-30T13:52:00","guid":{"rendered":"https:\/\/zonaroja.com.mx\/?p=73952"},"modified":"2024-10-30T06:54:39","modified_gmt":"2024-10-30T12:54:39","slug":"asesinan-al-primer-periodista-en-el-sexenio-de-claudia-sheinbaum","status":"publish","type":"post","link":"https:\/\/zonaroja.com.mx\/?p=73952","title":{"rendered":"Asesinan al primer periodista en el sexenio de Claudia Sheinbaum"},"content":{"rendered":"\n<p>Redacci\u00f3n\/Zona Roja Cdmx.<\/p>\n\n\n\n<p>Ciudad de M\u00e9xico, a 30 de octubre de 2024.- El periodista Mauricio Cruz Sol\u00eds fue asesinado la noche de este martes 29 de octubre en la ciudad de Uruapan, Michoac\u00e1n.<\/p>\n\n\n\n<p>Informaci\u00f3n preliminar apunta a que el comunicador fue abatido de varios disparos de arma de fuego. Adem\u00e1s, fuentes policiales confirmaron el homicidio ocurrido en pleno centro de la \u2018Perla del Cupatitzio\u2019.<\/p>\n\n\n\n<p>A\u00fan se desconoce si el reportero hab\u00eda recibido amenazas de parte del crimen organizado. Cabe destacar que momentos antes de perder la vida, el periodista, de la plataforma \u201cMinuto por Minuto\u201d, inform\u00f3 sobre un incendio de un mercado de la localidad.<\/p>\n\n\n\n<p>Incluso entrevist\u00f3 al presidente municipal de Uruapan, Carlos Manzo, y una vez que concluy\u00f3 con su reporte, fue atacado a tiros por presuntos sicarios.<\/p>\n\n\n\n<p>Los delincuentes huyeron con rumbo todav\u00eda desconocido hasta el momento, mientras que el periodista qued\u00f3 sin vida en el centro de la ciudad de Uruapan.<\/p>\n\n\n\n<p>Enseguida, comunicadores del estado condenaron el asesinato, se\u00f1alando el hecho como un \u201ccobarde\u201d ataque. Adem\u00e1s, exigieron a las autoridades esclarecer los hechos los m\u00e1s pronto posible.<\/p>\n\n\n\n<p>Medios de comunicaci\u00f3n locales informaron sobre el atentado mortal alrededor de las 22:00 horas de este martes.<\/p>\n\n\n\n<p>\u201cCon mucho pesar lamentamos informarles que nuestro director Mauricio Sol\u00eds murio tras un ataque armado en el Centro de la Ciudad de Uruapan, agradecemos a todas la personas que se comunican para dar mensajes de aliento\u201d, dijo el medio de comunicaci\u00f3n \u201cMinuto X Minuto\u201d.<\/p>\n\n\n\n<p>El gobernador de Michoac\u00e1n, Alfredo Ram\u00edrez Bedolla, conden\u00f3 los hechos, y dijo que las autoridades comenzaron un operativo en conjunto para identificar a los responsables del asesinato y llevarlos a la justicia.<\/p>\n\n\n\n<p>\u201cEn Michoac\u00e1n no cabe la impunidad y el que la hace, la paga, que se escuche fuerte y claro\u201d, mencion\u00f3 Ram\u00edrez Bedolla.<\/p>\n\n\n\n<p>Tambi\u00e9n se inform\u00f3 que la Fiscal\u00eda General de Michoac\u00e1n ya realiza las investigaciones.<\/p>\n\n\n\n<p>Durante las \u00faltimas dos d\u00e9cadas, decenas de periodistas michoacanos han sido agredidos por parte del crimen organizado.<\/p>\n\n\n\n<p>En los \u00faltimos 20 a\u00f1os se han registrado al menos 14 asesinatos a periodistas en Michoac\u00e1n, a esto sumar la cifra de comunicadores desaparecidos y la violencia sufrida en \u00faltimos a\u00f1os de parte del rubro period\u00edstico.<\/p>\n\n\n\n<p>As\u00ed lo inform\u00f3 el Colectivo \u201cNi Uno M\u00e1s en Michoac\u00e1n\u201d, quien conden\u00f3 el asesinato del periodista Mauricio Cruz Sol\u00eds ocurrido en la ciudad de Uruapan la noche de este martes 29 de octubre.<\/p>\n\n\n\n<p>Mediante sus redes sociales, el colectivo dijo que era director de Radiorama Noticias, \u201cMinuto X Minuto\u201d y conductor de los noticieros de Primera Plana Mx- La Poderosa.<\/p>\n\n\n\n<p>Exigi\u00f3 \u201ca las autoridades una investigaci\u00f3n expedita y clara de los hechos por los que nuestro compa\u00f1ero perdi\u00f3 la vida y demandamos la no revictimizaci\u00f3n de Mauricio\u201d.<\/p>\n\n\n\n<p>(Informaci\u00f3n de \u201cEl Financiero\u201d)<\/p>\n","protected":false},"excerpt":{"rendered":"<p>Redacci\u00f3n\/Zona Roja Cdmx. Ciudad de M\u00e9xico, a 30 de octubre de 2024.- El periodista Mauricio&hellip;<\/p>\n","protected":false},"author":2,"featured_media":73953,"comment_status":"closed","ping_status":"open","sticky":false,"template":"","format":"standard","meta":{"_lmt_disableupdate":"","_lmt_disable":"","_jetpack_memberships_contains_paid_content":false,"footnotes":""},"categories":[109,47],"tags":[1016],"class_list":["post-73952","post","type-post","status-publish","format-standard","has-post-thumbnail","hentry","category-minuto-a-minuto","category-zona-gris","tag-asesinato-de-periodistas-en-mexico"],"jetpack_featured_media_url":"https:\/\/zonaroja.com.mx\/wp-content\/uploads\/2024\/10\/Mauricio-Cruz-Uruapan-Michoacan.jpg.webp","jetpack_sharing_enabled":true,"_links":{"self":[{"href":"https:\/\/zonaroja.com.mx\/index.php?rest_route=\/wp\/v2\/posts\/73952","targetHints":{"allow":["GET"]}}],"collection":[{"href":"https:\/\/zonaroja.com.mx\/index.php?rest_route=\/wp\/v2\/posts"}],"about":[{"href":"https:\/\/zonaroja.com.mx\/index.php?rest_route=\/wp\/v2\/types\/post"}],"author":[{"embeddable":true,"href":"https:\/\/zonaroja.com.mx\/index.php?rest_route=\/wp\/v2\/users\/2"}],"replies":[{"embeddable":true,"href":"https:\/\/zonaroja.com.mx\/index.php?rest_route=%2Fwp%2Fv2%2Fcomments&post=73952"}],"version-history":[{"count":1,"href":"https:\/\/zonaroja.com.mx\/index.php?rest_route=\/wp\/v2\/posts\/73952\/revisions"}],"predecessor-version":[{"id":73954,"href":"https:\/\/zonaroja.com.mx\/index.php?rest_route=\/wp\/v2\/posts\/73952\/revisions\/73954"}],"wp:featuredmedia":[{"embeddable":true,"href":"https:\/\/zonaroja.com.mx\/index.php?rest_route=\/wp\/v2\/media\/73953"}],"wp:attachment":[{"href":"https:\/\/zonaroja.com.mx\/index.php?rest_route=%2Fwp%2Fv2%2Fmedia&parent=73952"}],"wp:term":[{"taxonomy":"category","embeddable":true,"href":"https:\/\/zonaroja.com.mx\/index.php?rest_route=%2Fwp%2Fv2%2Fcategories&post=73952"},{"taxonomy":"post_tag","embeddable":true,"href":"https:\/\/zonaroja.com.mx\/index.php?rest_route=%2Fwp%2Fv2%2Ftags&post=73952"}],"curies":[{"name":"wp","href":"https:\/\/api.w.org\/{rel}","templated":true}]}}