{"id":73955,"date":"2024-10-30T07:09:09","date_gmt":"2024-10-30T13:09:09","guid":{"rendered":"https:\/\/zonaroja.com.mx\/?p=73955"},"modified":"2024-10-30T07:09:10","modified_gmt":"2024-10-30T13:09:10","slug":"inauguran-rehabilitacion-de-la-alameda-de-leon-de-la-capital-de-oaxaca","status":"publish","type":"post","link":"https:\/\/zonaroja.com.mx\/?p=73955","title":{"rendered":"Inauguran rehabilitaci\u00f3n de la Alameda de Le\u00f3n de la capital de Oaxaca"},"content":{"rendered":"\n<p>Redacci\u00f3n\/Zona Roja.<\/p>\n\n\n\n<p>Oaxaca de Ju\u00e1rez, Oax., a 30 de octubre de 2024.- La tercera etapa de rehabilitaci\u00f3n del parque Alameda de Le\u00f3n de la ciudad de Oaxaca qued\u00f3 concluida y fue inaugurada este martes.<\/p>\n\n\n\n<p>La actividad fue encabezada por el presidente municipal Francisco Mart\u00ednez Neri y el gobernador Salom\u00f3n Jara Cruz.<\/p>\n\n\n\n<p>\u201cEsta obra representa nuestra responsabilidad y compromiso con la ciudadan\u00eda as\u00ed como nuestro respeto hacia los lugares hist\u00f3ricos que enaltecen a Oaxaca; la Alameda, como s\u00edmbolo de convivencia, paz y cultura, responde a nuestro compromiso de conservar y revitalizar los espacios p\u00fablicos\u201d, dijo el edil en su mensaje.<\/p>\n\n\n\n<p>Reiter\u00f3 su compromiso de trabajar por la conservaci\u00f3n, preservaci\u00f3n y recuperaci\u00f3n del Centro Hist\u00f3rico, Patrimonio Cultural de la Humanidad.<\/p>\n\n\n\n<p>Como parte de este esfuerzo municipal por preservar el patrimonio arquitect\u00f3nico de las y los oaxaque\u00f1os, la obra contempl\u00f3 la integraci\u00f3n de cantera para sustituir la que se encontraba en mal estado, as\u00ed como la restauraci\u00f3n de jardineras, mobiliario urbano, fuentes y la estatua erigida en memoria del General Antonio de Le\u00f3n. &nbsp;<\/p>\n\n\n\n<p>\u201cPara nuestra administraci\u00f3n es un privilegio inaugurar una obra significativa para la capital; sabemos que brindar espacios dignos y seguros, fortalece los lazos que unen a nuestra sociedad, creando lugares de encuentro y de convivencia que contribuyen al desarrollo social y al bienestar de nuestra gente\u201d, enfatiz\u00f3 el edil con la asistencia de Joel Omar V\u00e1zquez Herrera, director del Centro del Instituto Nacional de Antropolog\u00eda e Historia (INAH) en Oaxaca y representantes de c\u00e1maras empresariales, autoridades auxiliares y servidores p\u00fablicos estatales y municipales.&nbsp;<\/p>\n\n\n\n<p>En ese contexto, record\u00f3 que las primeras etapas de la obra de restauraci\u00f3n de la Alameda de Le\u00f3n fueron inauguradas en 2023, en el marco del 491 aniversario de la ciudad de Oaxaca, lo que representa un avance significativo en el mejoramiento de los espacios p\u00fablicos de la Verde Antequera. &nbsp;<\/p>\n\n\n\n<p>\u201cEste parque renovado seguir\u00e1 siendo un emblema de nuestra historia y de nuestro orgullo como oaxaque\u00f1as y oaxaque\u00f1os, un espacio donde generaciones presentes y futuras podr\u00e1n vivir y contar sus propias historias; sigamos avanzando juntos hacia un Oaxaca de Ju\u00e1rez m\u00e1s pr\u00f3spero, inclusivo y arm\u00f3nico\u201d, concluy\u00f3 el primer concejal, Francisco Mart\u00ednez Neri.&nbsp;<\/p>\n\n\n\n<p>El dise\u00f1o de la obra implic\u00f3 cumplir correctamente con los criterios de accesibilidad universal, restauraci\u00f3n y conservaci\u00f3n del patrimonio, relevancia hist\u00f3rica, inclusi\u00f3n social y dise\u00f1o urbano. &nbsp;<\/p>\n","protected":false},"excerpt":{"rendered":"<p>Redacci\u00f3n\/Zona Roja. Oaxaca de Ju\u00e1rez, Oax., a 30 de octubre de 2024.- La tercera etapa&hellip;<\/p>\n","protected":false},"author":2,"featured_media":73956,"comment_status":"closed","ping_status":"open","sticky":false,"template":"","format":"standard","meta":{"_lmt_disableupdate":"","_lmt_disable":"","_jetpack_memberships_contains_paid_content":false,"footnotes":""},"categories":[109,46],"tags":[2418,148],"class_list":["post-73955","post","type-post","status-publish","format-standard","has-post-thumbnail","hentry","category-minuto-a-minuto","category-zona-blanca","tag-francisco-martinez-neri","tag-oaxaca-de-juarez"],"jetpack_featured_media_url":"https:\/\/zonaroja.com.mx\/wp-content\/uploads\/2024\/10\/Inauguracion-Alameda-de-Leon-Oaxaca-Neri.jpeg","jetpack_sharing_enabled":true,"_links":{"self":[{"href":"https:\/\/zonaroja.com.mx\/index.php?rest_route=\/wp\/v2\/posts\/73955","targetHints":{"allow":["GET"]}}],"collection":[{"href":"https:\/\/zonaroja.com.mx\/index.php?rest_route=\/wp\/v2\/posts"}],"about":[{"href":"https:\/\/zonaroja.com.mx\/index.php?rest_route=\/wp\/v2\/types\/post"}],"author":[{"embeddable":true,"href":"https:\/\/zonaroja.com.mx\/index.php?rest_route=\/wp\/v2\/users\/2"}],"replies":[{"embeddable":true,"href":"https:\/\/zonaroja.com.mx\/index.php?rest_route=%2Fwp%2Fv2%2Fcomments&post=73955"}],"version-history":[{"count":1,"href":"https:\/\/zonaroja.com.mx\/index.php?rest_route=\/wp\/v2\/posts\/73955\/revisions"}],"predecessor-version":[{"id":73957,"href":"https:\/\/zonaroja.com.mx\/index.php?rest_route=\/wp\/v2\/posts\/73955\/revisions\/73957"}],"wp:featuredmedia":[{"embeddable":true,"href":"https:\/\/zonaroja.com.mx\/index.php?rest_route=\/wp\/v2\/media\/73956"}],"wp:attachment":[{"href":"https:\/\/zonaroja.com.mx\/index.php?rest_route=%2Fwp%2Fv2%2Fmedia&parent=73955"}],"wp:term":[{"taxonomy":"category","embeddable":true,"href":"https:\/\/zonaroja.com.mx\/index.php?rest_route=%2Fwp%2Fv2%2Fcategories&post=73955"},{"taxonomy":"post_tag","embeddable":true,"href":"https:\/\/zonaroja.com.mx\/index.php?rest_route=%2Fwp%2Fv2%2Ftags&post=73955"}],"curies":[{"name":"wp","href":"https:\/\/api.w.org\/{rel}","templated":true}]}}