{"id":73966,"date":"2024-10-30T08:35:05","date_gmt":"2024-10-30T14:35:05","guid":{"rendered":"https:\/\/zonaroja.com.mx\/?p=73966"},"modified":"2024-10-30T08:35:06","modified_gmt":"2024-10-30T14:35:06","slug":"logra-fiscalia-sentencia-contra-homicida-de-la-cuenca","status":"publish","type":"post","link":"https:\/\/zonaroja.com.mx\/?p=73966","title":{"rendered":"Logra Fiscal\u00eda sentencia contra homicida de la Cuenca"},"content":{"rendered":"\n<p>Redacci\u00f3n\/Zona Roja.&nbsp;<\/p>\n\n\n\n<p>Oaxaca de Ju\u00e1rez, Oax., a 30 de octubre de 2024.- Las labores de investigaci\u00f3n ministerial especializada que realiza la Fiscal\u00eda General del Estado de Oaxaca (FGEO) dieron como resultado la obtenci\u00f3n de un fallo condenatorio en contra de una persona del sexo masculino identificada como Orlando C.A., por el delito de Homicidio Calificado en contra de dos personas, ocurrido en la regi\u00f3n de la Cuenca del Papaloapan.<\/p>\n\n\n\n<p>De acuerdo con lo establecido en la causa penal, los hechos se suscitaron el 13 de junio de 2017, cuando las v\u00edctimas del sexo masculino identificadas como F.F.R.L. e I.V.A., se encontraban en el interior de un negocio que se ubica en la avenida 31 Oriente, en el fraccionamiento Sureste Segunda Etapa del municipio de San Juan Bautista Tuxtepec, lugar a donde lleg\u00f3 el imputado y junto con otra persona, los atacaron con disparos de arma de fuego, caus\u00e1ndoles lesiones que los privaron de&nbsp; la vida.<\/p>\n\n\n\n<p>Ante estos hechos, la Instituci\u00f3n de procuraci\u00f3n de justicia inici\u00f3 una exhaustiva investigaci\u00f3n a trav\u00e9s de la Vicefiscal\u00eda Regional de la Cuenca, logrando aprehender a Orlando C.A., para posteriormente presentarlo ante el Juez que atiende la causa.<\/p>\n\n\n\n<p>Una vez valoradas las pruebas aportadas por el Ministerio P\u00fablico, el Juez dict\u00f3 fallo condenatorio contra el imputado Orlando C.A., por su responsabilidad en la comisi\u00f3n del delito de Homicidio Calificado en agravio de F.F.R.L. e I.V.A.<\/p>\n\n\n\n<p>VINCULADO A PROCESO<\/p>\n\n\n\n<p>En otro caso, la Fiscal\u00eda General obtuvo de un Juez de Control, auto de vinculaci\u00f3n a proceso contra una persona del sexo masculino identificada como J.A.P.P., por el delito contra la Salud en su modalidad de Narcomenudeo en su hip\u00f3tesis de posesi\u00f3n con fines de venta, cometido en agravio de la sociedad.<\/p>\n\n\n\n<p>De acuerdo con el expediente penal, J.A.P.P. fue detenido cuando circulaba a bordo de una motocicleta y quiso evadir un filtro provisional preventivo de seguridad instalado por elementos de la Polic\u00eda Estatal en la colonia Benito Ju\u00e1rez de Puerto Escondido.<\/p>\n\n\n\n<p>Al realizar una inspecci\u00f3n, los elementos policiales hallaron dentro de la cajuela de la motocicleta diversas dosis de coca\u00edna, por lo que procedieron a su detenci\u00f3n y posteriormente fue puesto a disposici\u00f3n de la autoridad ministerial adscrita a la Vicefiscal\u00eda Regional de la Costa, que tom\u00f3 conocimiento del caso e inici\u00f3 las indagatorias.<\/p>\n\n\n\n<p>Una vez hecha la investigaci\u00f3n, la FGEO present\u00f3 los datos de pruebas al Juez que atiende la causa y al evaluarlos, dict\u00f3 vinculaci\u00f3n a proceso contra J.A.P.P., por el delito contra la Salud en su modalidad de narcomenudeo en su hip\u00f3tesis de posesi\u00f3n con fines de venta.<\/p>\n\n\n\n<p>Adem\u00e1s, impuso la medida cautelar de prisi\u00f3n preventiva justificada y otorg\u00f3 un mes para el cierre de la investigaci\u00f3n complementaria.<\/p>\n\n\n\n<p>AGRESOR SEXUAL<\/p>\n\n\n\n<p>Por otra parte, la Fiscal\u00eda obtuvo prisi\u00f3n preventiva justificada en contra de una persona del sexo masculino, identificada como C.V.M., por el delito de Violaci\u00f3n a la Intimidad Sexual en agravio de una mujer, en hechos ocurridos en la agencia municipal de Cinco Se\u00f1ores perteneciente al municipio de Oaxaca de Ju\u00e1rez.<\/p>\n\n\n\n<p>De acuerdo con el expediente penal y a lo asentado en el Informe Policial Homologado (IPH), los hechos sucedieron el 5 de octubre de 2024, cuando la v\u00edctima con iniciales D.L.C.C., se encontraba comprando en uno de los puestos de verduras de un tianguis que se ubica sobre la calle 16 de Septiembre en la agencia municipal de Cinco Se\u00f1ores de la ciudad capital, lugar donde fue alertada por otra persona de que un individuo que se encontraba detr\u00e1s de ella, la estaba grabando debajo de la falda.<\/p>\n\n\n\n<p>Ante estos hechos, y tras los se\u00f1alamientos de la v\u00edctima, C.V.M. fue detenido en el lugar por elementos de la polic\u00eda municipal de Oaxaca Ju\u00e1rez y llevado ante el ministerio P\u00fablico de la FGEO que, a trav\u00e9s de la Fiscal\u00eda Especializada para la Atenci\u00f3n a Delitos contra la Mujer por Raz\u00f3n de G\u00e9nero, inici\u00f3 las investigaciones correspondientes, logrando recabar las pruebas necesarias para presentarlo ante la autoridad judicial.<\/p>\n\n\n\n<p>Ante ello, el Juez de Control, valor\u00f3 los datos aportados y calific\u00f3 como legal la detenci\u00f3n del imputado, imponiendo como medida cautelar, prisi\u00f3n preventiva justificada, adem\u00e1s que se solicit\u00f3 la vinculaci\u00f3n a proceso y se le otorg\u00f3 un plazo para la celebraci\u00f3n de la audiencia de t\u00e9rmino constitucional en la que se decidir\u00e1 su situaci\u00f3n jur\u00eddica.<\/p>\n","protected":false},"excerpt":{"rendered":"<p>Redacci\u00f3n\/Zona Roja.&nbsp; Oaxaca de Ju\u00e1rez, Oax., a 30 de octubre de 2024.- Las labores de&hellip;<\/p>\n","protected":false},"author":2,"featured_media":65985,"comment_status":"closed","ping_status":"open","sticky":false,"template":"","format":"standard","meta":{"_lmt_disableupdate":"","_lmt_disable":"","_jetpack_memberships_contains_paid_content":false,"footnotes":""},"categories":[109,46],"tags":[494],"class_list":["post-73966","post","type-post","status-publish","format-standard","has-post-thumbnail","hentry","category-minuto-a-minuto","category-zona-blanca","tag-fiscalia-general-del-estado-de-oaxaca"],"jetpack_featured_media_url":"https:\/\/zonaroja.com.mx\/wp-content\/uploads\/2024\/03\/Justicia-sentencia-juez.jpeg","jetpack_sharing_enabled":true,"_links":{"self":[{"href":"https:\/\/zonaroja.com.mx\/index.php?rest_route=\/wp\/v2\/posts\/73966","targetHints":{"allow":["GET"]}}],"collection":[{"href":"https:\/\/zonaroja.com.mx\/index.php?rest_route=\/wp\/v2\/posts"}],"about":[{"href":"https:\/\/zonaroja.com.mx\/index.php?rest_route=\/wp\/v2\/types\/post"}],"author":[{"embeddable":true,"href":"https:\/\/zonaroja.com.mx\/index.php?rest_route=\/wp\/v2\/users\/2"}],"replies":[{"embeddable":true,"href":"https:\/\/zonaroja.com.mx\/index.php?rest_route=%2Fwp%2Fv2%2Fcomments&post=73966"}],"version-history":[{"count":1,"href":"https:\/\/zonaroja.com.mx\/index.php?rest_route=\/wp\/v2\/posts\/73966\/revisions"}],"predecessor-version":[{"id":73967,"href":"https:\/\/zonaroja.com.mx\/index.php?rest_route=\/wp\/v2\/posts\/73966\/revisions\/73967"}],"wp:featuredmedia":[{"embeddable":true,"href":"https:\/\/zonaroja.com.mx\/index.php?rest_route=\/wp\/v2\/media\/65985"}],"wp:attachment":[{"href":"https:\/\/zonaroja.com.mx\/index.php?rest_route=%2Fwp%2Fv2%2Fmedia&parent=73966"}],"wp:term":[{"taxonomy":"category","embeddable":true,"href":"https:\/\/zonaroja.com.mx\/index.php?rest_route=%2Fwp%2Fv2%2Fcategories&post=73966"},{"taxonomy":"post_tag","embeddable":true,"href":"https:\/\/zonaroja.com.mx\/index.php?rest_route=%2Fwp%2Fv2%2Ftags&post=73966"}],"curies":[{"name":"wp","href":"https:\/\/api.w.org\/{rel}","templated":true}]}}