{"id":7397,"date":"2020-01-07T18:37:35","date_gmt":"2020-01-08T00:37:35","guid":{"rendered":"http:\/\/www.zonaroja.com.mx\/?p=7397"},"modified":"2020-01-07T18:37:54","modified_gmt":"2020-01-08T00:37:54","slug":"muere-na-rosita-pierde-el-istmo-a-la-mujer-icono-de-la-reconstruccion","status":"publish","type":"post","link":"https:\/\/zonaroja.com.mx\/?p=7397","title":{"rendered":"Muere Na\u2019 Rosita; pierde el Istmo a la mujer \u00edcono de la reconstrucci\u00f3n"},"content":{"rendered":"\n<p>Evlin\nArag\u00f3n\/Zona Roja.&nbsp; Fotos: Jos\u00e9 Arenas<\/p>\n\n\n\n<p>Oaxaca\nde Ju\u00e1rez, Oax., 7 de enero de 2020.- \u201cPodr\u00e1n caerse mil muros y derrumbarse\ntodas las casas, pero tu sonrisa nos mantendr\u00e1 de pie y mantendr\u00e1 de pie la\nesperanza. Hasta siempre Na\u2019 Rosita\u201d.<\/p>\n\n\n\n<p>Esa\nfue la despedida que dio el Colectivo \u201cBinni Cubi\u201d a la mujer icono de la devastaci\u00f3n\na causa del sismo de 2017, pero tambi\u00e9n s\u00edmbolo de la reconstrucci\u00f3n, s\u00edmbolo\nde los pueblos zapotecas del Istmo que se volvieron a poner de pie.<\/p>\n\n\n\n<p>Na\u2019\nRosita era conocida no solo en la regi\u00f3n del Istmo de Tehuantepec, sino en gran\nparte del territorio oaxaque\u00f1o e incluso en otras partes de la Rep\u00fablica y del\nMundo debido a que su rostro quedo inmortalizado en el primer mural de 11 que se\nrealizaron en viviendas del municipio de Uni\u00f3n Hidalgo, como parte del proyecto\n\u201cNuestros abuelos, nuestras ra\u00edces\u201d, homenaje que hiciera en 2011 el colectivo \u201cBinni\nCubi\u201d a las y los ancianos de esta tierra zapoteca. <\/p>\n\n\n\n<p>Parte de su casa se vino abajo por la actividad s\u00edsmica que se registr\u00f3 en territorio mexicano en septiembre 2017, incluido el mural con fondo negro que contrastaba con los colores de su vestimenta y su iluminada sonrisa, raz\u00f3n por la que tuvo que ser pintado de nueva cuenta.<\/p>\n\n\n\n<figure class=\"wp-block-image\"><img decoding=\"async\" width=\"540\" height=\"960\" src=\"http:\/\/www.zonaroja.com.mx\/wp-content\/uploads\/2020\/01\/Na-Rosita-4.jpg\" alt=\"\" class=\"wp-image-7398\" srcset=\"https:\/\/zonaroja.com.mx\/wp-content\/uploads\/2020\/01\/Na-Rosita-4.jpg 540w, https:\/\/zonaroja.com.mx\/wp-content\/uploads\/2020\/01\/Na-Rosita-4-169x300.jpg 169w\" sizes=\"(max-width: 540px) 100vw, 540px\" \/><\/figure>\n\n\n\n<p>Lo\nanterior convirti\u00f3 a Roselia Vicente de la Cruz, nombre real de la tambi\u00e9n\nactivista, en icono de la reconstrucci\u00f3n de la localidad luego del terremoto\ndel 7 de septiembre de 2017.<\/p>\n\n\n\n<p>Fueron\nni\u00f1as, ni\u00f1os y j\u00f3venes del Colectivo \u201cBacuzagui\u201d, junto con el artista visual\nDaniel Poetalatas, quienes retomaron su rostro y lo pintaron como aliento y\nfortaleza para las decenas de familias que lo perdieron todo no solo en Uni\u00f3n\nHidalgo sino en la mayor parte de la regi\u00f3n del Istmo que a\u00fan vive los estragos\nde los terremotos.<\/p>\n\n\n\n<p>Dedicada\nal comercio, a sus m\u00e1s de 70 a\u00f1os, Na\u2019 Rosita le dio la vuelta al mundo,\nmientras su vida cotidiana transcurr\u00eda en el mercadito de La Estaci\u00f3n, en donde\nde forma cotidiana instalaba su puesto para ofrecer los productos de su huerto:\nfrutas, legumbres y dulces.<\/p>\n\n\n\n<p>Este lunes 6 de enero, a la edad de 78 a\u00f1os, falleci\u00f3 Na\u2019 Rosita, dejando un hueco hondo en las personas que la conocieron, que recuerdan su enorme sonrisa tal y como fue retrata en el mural que a\u00fan sigue de pie en su natal Uni\u00f3n Hidalgo. <\/p>\n\n\n\n<figure class=\"wp-block-image\"><img decoding=\"async\" width=\"720\" height=\"540\" src=\"http:\/\/www.zonaroja.com.mx\/wp-content\/uploads\/2020\/01\/Na-Rosita-1.jpg\" alt=\"\" class=\"wp-image-7399\" srcset=\"https:\/\/zonaroja.com.mx\/wp-content\/uploads\/2020\/01\/Na-Rosita-1.jpg 720w, https:\/\/zonaroja.com.mx\/wp-content\/uploads\/2020\/01\/Na-Rosita-1-300x225.jpg 300w, https:\/\/zonaroja.com.mx\/wp-content\/uploads\/2020\/01\/Na-Rosita-1-585x439.jpg 585w\" sizes=\"(max-width: 720px) 100vw, 720px\" \/><\/figure>\n\n\n\n<p>Su\ndeceso lo inform\u00f3 a trav\u00e9s de las redes sociales el Colectivo \u201cBinni Cubi\u201d,\nquien en el 2011 se encarg\u00f3 de convencerla para que su rostro fuera pintado en\nforma de mural y como parte de su proyecto de homenajear a las y los ancianos\nde la localidad.<\/p>\n\n\n\n<p>\u201cLamentamos\ndarles la noticia que la Sra. Roselia Vicente de la Cruz Na\u2019 Rosita ha fallecido.\nY falleci\u00f3 justo a los 40 d\u00edas de la muerte de su esposo \u2018Ta Noque\u2019. Su muerte\nnos ha consternado mucho pues fue con ella que comenzamos la aventura de los\nmurales urbanos\u201d, citan en su publicaci\u00f3n que cuenta con m\u00e1s de 90 reacciones\nha sido compartida 37 veces.<\/p>\n\n\n\n<p>Los\nintegrantes del colectivo recordaron que su disposici\u00f3n la que permiti\u00f3 que el\nproyecto se echar\u00e1 a andar, ya que de no haber aceptado ser retratada en ese\nmomento dif\u00edcilmente hubieran podido concretar el proyecto que les dio fama\nregional <\/p>\n\n\n\n<p>\u201cTal\nvez si Na\u2019 Rosita se hubiera negado desde un principio no habr\u00edamos pintado\nninguno de los murales. Pero cuando le platicamos de lo que se trataba y con\nuna sonrisa sinti\u00f3 la aprobaci\u00f3n de su esposo, no dud\u00f3 en aceptar y dejarse\ntomar las fotos que necesit\u00e1bamos. Eso nos ayud\u00f3 a creer que podr\u00edamos\nencontrar a muchos personajes que quisieran ser pintados\u201d, compartieron. <\/p>\n\n\n\n<p>Finalmente se despidieron emotivamente de su musa y se manifestaron contentos y orgullosos de haberla homenajeado en vida, convirti\u00e9ndola en un icono dentro del arte urbano oaxaque\u00f1o.<\/p>\n\n\n\n<figure class=\"wp-block-image\"><img decoding=\"async\" width=\"510\" height=\"648\" src=\"http:\/\/www.zonaroja.com.mx\/wp-content\/uploads\/2020\/01\/Na-Rosita-2.jpg\" alt=\"\" class=\"wp-image-7400\" srcset=\"https:\/\/zonaroja.com.mx\/wp-content\/uploads\/2020\/01\/Na-Rosita-2.jpg 510w, https:\/\/zonaroja.com.mx\/wp-content\/uploads\/2020\/01\/Na-Rosita-2-236x300.jpg 236w\" sizes=\"(max-width: 510px) 100vw, 510px\" \/><\/figure>\n","protected":false},"excerpt":{"rendered":"<p>Evlin Arag\u00f3n\/Zona Roja.&nbsp; Fotos: Jos\u00e9 Arenas Oaxaca de Ju\u00e1rez, Oax., 7 de enero de 2020.-&hellip;<\/p>\n","protected":false},"author":2,"featured_media":7401,"comment_status":"closed","ping_status":"open","sticky":false,"template":"","format":"standard","meta":{"_lmt_disableupdate":"","_lmt_disable":"","_jetpack_memberships_contains_paid_content":false,"footnotes":""},"categories":[109,46],"tags":[1250],"class_list":["post-7397","post","type-post","status-publish","format-standard","has-post-thumbnail","hentry","category-minuto-a-minuto","category-zona-blanca","tag-colectivo-binni-cubi"],"jetpack_featured_media_url":"https:\/\/zonaroja.com.mx\/wp-content\/uploads\/2020\/01\/Na-Rosita-3.jpg","jetpack_sharing_enabled":true,"_links":{"self":[{"href":"https:\/\/zonaroja.com.mx\/index.php?rest_route=\/wp\/v2\/posts\/7397","targetHints":{"allow":["GET"]}}],"collection":[{"href":"https:\/\/zonaroja.com.mx\/index.php?rest_route=\/wp\/v2\/posts"}],"about":[{"href":"https:\/\/zonaroja.com.mx\/index.php?rest_route=\/wp\/v2\/types\/post"}],"author":[{"embeddable":true,"href":"https:\/\/zonaroja.com.mx\/index.php?rest_route=\/wp\/v2\/users\/2"}],"replies":[{"embeddable":true,"href":"https:\/\/zonaroja.com.mx\/index.php?rest_route=%2Fwp%2Fv2%2Fcomments&post=7397"}],"version-history":[{"count":1,"href":"https:\/\/zonaroja.com.mx\/index.php?rest_route=\/wp\/v2\/posts\/7397\/revisions"}],"predecessor-version":[{"id":7402,"href":"https:\/\/zonaroja.com.mx\/index.php?rest_route=\/wp\/v2\/posts\/7397\/revisions\/7402"}],"wp:featuredmedia":[{"embeddable":true,"href":"https:\/\/zonaroja.com.mx\/index.php?rest_route=\/wp\/v2\/media\/7401"}],"wp:attachment":[{"href":"https:\/\/zonaroja.com.mx\/index.php?rest_route=%2Fwp%2Fv2%2Fmedia&parent=7397"}],"wp:term":[{"taxonomy":"category","embeddable":true,"href":"https:\/\/zonaroja.com.mx\/index.php?rest_route=%2Fwp%2Fv2%2Fcategories&post=7397"},{"taxonomy":"post_tag","embeddable":true,"href":"https:\/\/zonaroja.com.mx\/index.php?rest_route=%2Fwp%2Fv2%2Ftags&post=7397"}],"curies":[{"name":"wp","href":"https:\/\/api.w.org\/{rel}","templated":true}]}}