{"id":73980,"date":"2024-10-30T21:18:55","date_gmt":"2024-10-31T03:18:55","guid":{"rendered":"https:\/\/zonaroja.com.mx\/?p=73980"},"modified":"2024-10-30T21:18:56","modified_gmt":"2024-10-31T03:18:56","slug":"ante-aumento-de-tarifa-feministas-de-oaxaca-exigen-seguridad-en-transporte","status":"publish","type":"post","link":"https:\/\/zonaroja.com.mx\/?p=73980","title":{"rendered":"Ante aumento de tarifa, feministas de Oaxaca exigen seguridad en transporte"},"content":{"rendered":"\n<p>Ismael Garc\u00eda M.\/Zona Roja.<\/p>\n\n\n\n<p>Oaxaca de Ju\u00e1rez, Oax., a 30 de octubre de 2024.- El colectivo Feministas Oaxaca reproch\u00f3 el aumento a la tarifa del transporte urbano en Oaxaca y exigi\u00f3 garant\u00edas de seguridad para las mujeres.<\/p>\n\n\n\n<p>\u201cEl d\u00eda de ayer, 30 de octubre, Claudina de Gyves, secretaria de Movilidad del estado de Oaxaca, anunci\u00f3 el incremento en las tarifas del transporte p\u00fablico, un sistema ineficaz, mediocre y falto de seguridad para quienes nos movemos en esos medios.&nbsp;<\/p>\n\n\n\n<p>\u201cEl transporte p\u00fablico en Oaxaca dista ser de calidad y adem\u00e1s es inseguro&nbsp; para las ni\u00f1as y mujeres que d\u00eda a d\u00eda utilizamos el servicio\u201d, destac\u00f3 en un comunicado.<\/p>\n\n\n\n<p>Luego enumer\u00f3 la exigencia de las usuarias:<\/p>\n\n\n\n<p>\u201cLa seguridad en el transporte p\u00fablico, para lo cual se necesita: unidades en buen estado, conductores capacitados y&nbsp; sensibilizados en cuestiones de g\u00e9nero, la revocaci\u00f3n de licencias a conductores agresores sexuales, deudores alimentarios, violentadores vicarios y a cualquier conductor que tenga denuncia por violencia de g\u00e9nero, a los consecionarios encubridores que se les retire la conseci\u00f3n o multas ejemplares\u201d.<\/p>\n\n\n\n<p>El colectivo detall\u00f3 que Oaxaca se encuentra en los primeros lugares de acoso sexual en el \u00e1mbito p\u00fablico y que los feminicidos y desapariciones de mujeres son una constante.<\/p>\n\n\n\n<p>Por ello, remarc\u00f3 que el gobierno de Oaxaca est\u00e1 obligado a garantizar el acceso a una vida libre de violencia, pues las mujeres merecen vivir libres y sin miedo.<\/p>\n\n\n\n<p>Por otra parte, la tarde de este mi\u00e9rcoles, un grupo de presuntos porros protest\u00f3 en la avenida Universidad de la capital del estado, con pintas en las unidades de pasajeros.<\/p>\n\n\n\n<p>\u201cRatero, ratero, el pulpo camionero\u201d, \u00abQue baje, que baje, el precio del pasaje!, las consignas de un grupo de j\u00f3venes, que pusieron unos conos para impedir el paso de las unidades de transporte mientras realizaban las pintas en las carrocer\u00edas y los cristales.<\/p>\n\n\n\n<p>En un cami\u00f3n de pasajeros de la l\u00ednea Tusug, con n\u00famero econ\u00f3mico A-744, el chofer intent\u00f3 impedir la acci\u00f3n, por lo cual algunos j\u00f3venes subieron y agredieron al conductor, tras lo cual le permitieron retirarse.<\/p>\n\n\n\n<p>Al final, los al menos 10 j\u00f3venes pintarrajearon varios autobuses en rechazo al alza del pasaje.<\/p>\n","protected":false},"excerpt":{"rendered":"<p>Ismael Garc\u00eda M.\/Zona Roja. Oaxaca de Ju\u00e1rez, Oax., a 30 de octubre de 2024.- El&hellip;<\/p>\n","protected":false},"author":2,"featured_media":73981,"comment_status":"closed","ping_status":"open","sticky":false,"template":"","format":"standard","meta":{"_lmt_disableupdate":"","_lmt_disable":"","_jetpack_memberships_contains_paid_content":false,"footnotes":""},"categories":[109,47],"tags":[4100],"class_list":["post-73980","post","type-post","status-publish","format-standard","has-post-thumbnail","hentry","category-minuto-a-minuto","category-zona-gris","tag-aumento-al-pasaje-oaxaca"],"jetpack_featured_media_url":"https:\/\/zonaroja.com.mx\/wp-content\/uploads\/2024\/10\/Feministas-aumento-al-pasaje.jpg","jetpack_sharing_enabled":true,"_links":{"self":[{"href":"https:\/\/zonaroja.com.mx\/index.php?rest_route=\/wp\/v2\/posts\/73980","targetHints":{"allow":["GET"]}}],"collection":[{"href":"https:\/\/zonaroja.com.mx\/index.php?rest_route=\/wp\/v2\/posts"}],"about":[{"href":"https:\/\/zonaroja.com.mx\/index.php?rest_route=\/wp\/v2\/types\/post"}],"author":[{"embeddable":true,"href":"https:\/\/zonaroja.com.mx\/index.php?rest_route=\/wp\/v2\/users\/2"}],"replies":[{"embeddable":true,"href":"https:\/\/zonaroja.com.mx\/index.php?rest_route=%2Fwp%2Fv2%2Fcomments&post=73980"}],"version-history":[{"count":1,"href":"https:\/\/zonaroja.com.mx\/index.php?rest_route=\/wp\/v2\/posts\/73980\/revisions"}],"predecessor-version":[{"id":73982,"href":"https:\/\/zonaroja.com.mx\/index.php?rest_route=\/wp\/v2\/posts\/73980\/revisions\/73982"}],"wp:featuredmedia":[{"embeddable":true,"href":"https:\/\/zonaroja.com.mx\/index.php?rest_route=\/wp\/v2\/media\/73981"}],"wp:attachment":[{"href":"https:\/\/zonaroja.com.mx\/index.php?rest_route=%2Fwp%2Fv2%2Fmedia&parent=73980"}],"wp:term":[{"taxonomy":"category","embeddable":true,"href":"https:\/\/zonaroja.com.mx\/index.php?rest_route=%2Fwp%2Fv2%2Fcategories&post=73980"},{"taxonomy":"post_tag","embeddable":true,"href":"https:\/\/zonaroja.com.mx\/index.php?rest_route=%2Fwp%2Fv2%2Ftags&post=73980"}],"curies":[{"name":"wp","href":"https:\/\/api.w.org\/{rel}","templated":true}]}}