{"id":73985,"date":"2024-10-30T22:24:15","date_gmt":"2024-10-31T04:24:15","guid":{"rendered":"https:\/\/zonaroja.com.mx\/?p=73985"},"modified":"2024-10-30T22:24:17","modified_gmt":"2024-10-31T04:24:17","slug":"engancha-delincuencia-organizada-a-un-adolescente-oaxaqueno-y-se-lo-lleva-a-sinaloa","status":"publish","type":"post","link":"https:\/\/zonaroja.com.mx\/?p=73985","title":{"rendered":"Engancha delincuencia organizada a un adolescente oaxaque\u00f1o y se lo lleva a Sinaloa\u00a0"},"content":{"rendered":"\n<p>Redacci\u00f3n\/Zona Roja.<\/p>\n\n\n\n<p>Oaxaca de Ju\u00e1rez, Oax., a 30 de octubre de 2024.- El Fiscal General del Estado de Oaxaca, Bernardo Rodr\u00edguez Alamilla, alert\u00f3 a madres y padres de familia sobre los riesgos que afrontan ni\u00f1as, ni\u00f1os y adolescentes en el uso de videojuegos en l\u00ednea, como la trata de personas, principalmente en tres modalidades: la explotaci\u00f3n sexual, laboral, as\u00ed como de actividades relacionadas con el narcotr\u00e1fico.<\/p>\n\n\n\n<p>En la conferencia de prensa del gabinete de seguridad, en el Palacio de Gobierno, dijo que, gracias a una denuncia inmediata, la Fiscal\u00eda General implement\u00f3 las acciones correspondientes y logr\u00f3 la localizaci\u00f3n de un adolescente originario de La Lobera, Santa In\u00e9s del Monte, quien hab\u00eda sido enganchado por redes criminales desde el estado de Sinaloa a trav\u00e9s del juego en l\u00ednea denominado \u201cFree Fire\u201d.<\/p>\n\n\n\n<p>Rodr\u00edguez Alamilla indic\u00f3 que, a partir de la denuncia interpuesta por familiares de la v\u00edctima ante la instituci\u00f3n, se activaron los protocolos de b\u00fasqueda especializados en casos de ni\u00f1as, ni\u00f1os y adolescentes, privilegiando el inter\u00e9s superior de la ni\u00f1ez.<\/p>\n\n\n\n<p>Derivado de los primeros resultados estableci\u00f3 una colaboraci\u00f3n directa con la Fiscal\u00eda General de Justicia del Estado de Sinaloa, las cuales permitieron establecer la geolocalizaci\u00f3n de la ruta que sigui\u00f3 el adolescente cuando este viajaba a bordo de un cami\u00f3n de pasajeros con destino a Mazatl\u00e1n, Sinaloa.<\/p>\n\n\n\n<p>Tras dar con el paradero y realizar la recuperaci\u00f3n del adolescente, la Fiscal\u00eda del Estado de Sinaloa puso bajo resguardo al adolescente, adem\u00e1s que se iniciaron los tr\u00e1mites para su traslado de regreso a Oaxaca, para su certificaci\u00f3n y posterior restituci\u00f3n con su familia.<\/p>\n\n\n\n<p>Finalmente, el titular de la Fiscal\u00eda General del Estado de Oaxaca reiter\u00f3 sobre la importancia de que las ni\u00f1as, ni\u00f1os y adolescentes puedan emplear el internet con responsabilidad y seguridad, para ello es fundamental que las familias se mantengan alertas y supervisen las actividades de los menores de edad cuando navegan en l\u00ednea y si es necesario buscar ayuda de especialistas.<\/p>\n\n\n\n<p>La denuncia es parte prioritaria y fundamental dentro de los procesos de investigaci\u00f3n y b\u00fasqueda de personas no localizadas que efect\u00faa la Fiscal\u00eda General del Justicia del Estado de Oaxaca, a trav\u00e9s de las \u00e1reas especializadas.<\/p>\n","protected":false},"excerpt":{"rendered":"<p>Redacci\u00f3n\/Zona Roja. Oaxaca de Ju\u00e1rez, Oax., a 30 de octubre de 2024.- El Fiscal General&hellip;<\/p>\n","protected":false},"author":2,"featured_media":73986,"comment_status":"closed","ping_status":"open","sticky":false,"template":"","format":"standard","meta":{"_lmt_disableupdate":"","_lmt_disable":"","_jetpack_memberships_contains_paid_content":false,"footnotes":""},"categories":[109,46],"tags":[494],"class_list":["post-73985","post","type-post","status-publish","format-standard","has-post-thumbnail","hentry","category-minuto-a-minuto","category-zona-blanca","tag-fiscalia-general-del-estado-de-oaxaca"],"jetpack_featured_media_url":"https:\/\/zonaroja.com.mx\/wp-content\/uploads\/2024\/10\/Diego-Yahir.jpg","jetpack_sharing_enabled":true,"_links":{"self":[{"href":"https:\/\/zonaroja.com.mx\/index.php?rest_route=\/wp\/v2\/posts\/73985","targetHints":{"allow":["GET"]}}],"collection":[{"href":"https:\/\/zonaroja.com.mx\/index.php?rest_route=\/wp\/v2\/posts"}],"about":[{"href":"https:\/\/zonaroja.com.mx\/index.php?rest_route=\/wp\/v2\/types\/post"}],"author":[{"embeddable":true,"href":"https:\/\/zonaroja.com.mx\/index.php?rest_route=\/wp\/v2\/users\/2"}],"replies":[{"embeddable":true,"href":"https:\/\/zonaroja.com.mx\/index.php?rest_route=%2Fwp%2Fv2%2Fcomments&post=73985"}],"version-history":[{"count":1,"href":"https:\/\/zonaroja.com.mx\/index.php?rest_route=\/wp\/v2\/posts\/73985\/revisions"}],"predecessor-version":[{"id":73987,"href":"https:\/\/zonaroja.com.mx\/index.php?rest_route=\/wp\/v2\/posts\/73985\/revisions\/73987"}],"wp:featuredmedia":[{"embeddable":true,"href":"https:\/\/zonaroja.com.mx\/index.php?rest_route=\/wp\/v2\/media\/73986"}],"wp:attachment":[{"href":"https:\/\/zonaroja.com.mx\/index.php?rest_route=%2Fwp%2Fv2%2Fmedia&parent=73985"}],"wp:term":[{"taxonomy":"category","embeddable":true,"href":"https:\/\/zonaroja.com.mx\/index.php?rest_route=%2Fwp%2Fv2%2Fcategories&post=73985"},{"taxonomy":"post_tag","embeddable":true,"href":"https:\/\/zonaroja.com.mx\/index.php?rest_route=%2Fwp%2Fv2%2Ftags&post=73985"}],"curies":[{"name":"wp","href":"https:\/\/api.w.org\/{rel}","templated":true}]}}