{"id":73993,"date":"2024-10-31T07:31:07","date_gmt":"2024-10-31T13:31:07","guid":{"rendered":"https:\/\/zonaroja.com.mx\/?p=73993"},"modified":"2024-10-31T07:31:09","modified_gmt":"2024-10-31T13:31:09","slug":"en-menos-de-un-mes-del-sexenio-de-sheinbaum-dos-periodistas-asesinados","status":"publish","type":"post","link":"https:\/\/zonaroja.com.mx\/?p=73993","title":{"rendered":"En menos de un mes del sexenio de Sheinbaum, dos periodistas asesinados"},"content":{"rendered":"\n<p>Redacci\u00f3n\/Zona Roja Cdmx.<\/p>\n\n\n\n<p>Ciudad de M\u00e9xico, a 31 de octubre de 2024.- Patricia Ram\u00edrez, conocida como \u201cPaty Bunbury\u201d, colaboradora de la revista \u201cHechos Espect\u00e1culos\u201d y miembro activo de la agrupaci\u00f3n Compa\u00f1eros Periodistas de Colima, fue asesinada la tarde de ayer en un negocio de comida del que era propietaria, en la capital de la entidad.<\/p>\n\n\n\n<p>De acuerdo con la Fiscal\u00eda General del Estado (FGE), alrededor de las 14:00 horas un sujeto entr\u00f3 al establecimiento, ubicado entre las calles Gabino Barrera y Valent\u00edn G\u00f3mez Far\u00edas de la colonia La Atrevida, y dispar\u00f3 contra la mujer; despu\u00e9s huy\u00f3.<\/p>\n\n\n\n<p>Elementos de la Polic\u00eda Estatal acudieron al inmueble donde se perpetr\u00f3 el ataque como primeros respondientes y encontraron a Patricia con heridas graves; posteriormente, confirmaron su deceso en el lugar.<\/p>\n\n\n\n<p>Personal de la FGE hizo la recolecci\u00f3n de indicios y el levantamiento del cuerpo, adem\u00e1s de que inici\u00f3 la carpeta correspondiente para esclarecer los motivos del atentado y hallar al agresor.<\/p>\n\n\n\n<p>En redes sociales, algunos miembros del gremio period\u00edstico de Colima lamentaron el homicidio de \u201cPaty Bunbury\u201d y exigieron a las autoridades una pronta investigaci\u00f3n para dar con el paradero del homicida.&nbsp;<\/p>\n\n\n\n<p>EN MICHOAC\u00c1N<\/p>\n\n\n\n<p>Mauricio Cruz Sol\u00eds, joven periodista asesinado en Uruapan la noche del martes, denunci\u00f3 amenazas de muerte s\u00f3lo en redes sociales, pero no present\u00f3 denuncias formales ni solicit\u00f3 apoyo del mecanismo de protecci\u00f3n, inform\u00f3 Juan Carlos Oseguera Cort\u00e9s, secretario de Seguridad P\u00fablica de Michoac\u00e1n.<\/p>\n\n\n\n<p>\u201cPor ah\u00ed lo hab\u00eda hecho en la red social sin que nosotros tuvi\u00e9ramos conocimiento pleno de la situaci\u00f3n por la que \u00e9l estaba atravesando\u201d, sostuvo Oseguera Cort\u00e9s.<\/p>\n\n\n\n<p>La ausencia de una denuncia oficial impidi\u00f3 que se le diera protecci\u00f3n; no obstante, dijo, se ordenaron medidas de este corte para su familia y se trabaja en coordinaci\u00f3n con la Fiscal\u00eda General del Estado e instancias federales.<\/p>\n\n\n\n<p>En tanto, el comunicador retirado Miguel \u00c1ngel Mart\u00ednez coment\u00f3 que Mauricio Cruz Sol\u00eds no cumpl\u00eda 18 a\u00f1os cuando comenz\u00f3 su carrera en el peri\u00f3dico ABC, donde el primero era jefe de informaci\u00f3n. \u201cY como todos los aspirantes, comenz\u00f3 en la fuente policiaca\u201d.<\/p>\n\n\n\n<p>Ese medio, record\u00f3, padeci\u00f3 tambi\u00e9n los embates de la delincuencia organizada. Cuatro a\u00f1os despu\u00e9s, Cruz Sol\u00eds se retir\u00f3 y fund\u00f3 el portal Minuto por minuto. \u201cManejaba al inici\u00f3 casi pura nota roja; despu\u00e9s se meti\u00f3 a temas pol\u00edticos y sociales\u201d, narr\u00f3.<\/p>\n\n\n\n<p>ATRAE FGR<\/p>\n\n\n\n<p>En la primera sesi\u00f3n de la Junta de Gobierno del Mecanismo de Protecci\u00f3n para Personas Defensoras de Derechos Humanos y Periodistas que le toca encabezar, Rosa Icela Rodr\u00edguez, secretaria de Gobernaci\u00f3n, ofreci\u00f3 mantener respaldo federal en la defensa de la libertad de expresi\u00f3n y el ejercicio de derechos.<\/p>\n\n\n\n<p>Dijo que se eval\u00faa el trabajo del mecanismo para consolidar el apoyo a activistas y comunicadores. Tambi\u00e9n inform\u00f3 que el caso del homicidio del periodista Mauricio Sol\u00eds, en Uruapan, Michoac\u00e1n, ser\u00e1 atra\u00eddo por la Fiscal\u00eda General de la Rep\u00fablica (FGR).<\/p>\n\n\n\n<p>Ante representantes de organizaciones civiles y funcionarios del gobierno federal, de la Comisi\u00f3n Nacional de los Derechos Humanos y de los poderes Legislativo y Judicial, asegur\u00f3: \u201cNo habr\u00e1 impunidad y pronto se dar\u00e1 con los responsables\u201d de la muerte del comunicador.<\/p>\n\n\n\n<p>(Informaci\u00f3n de \u201cLa Jornada\u201d)<\/p>\n","protected":false},"excerpt":{"rendered":"<p>Redacci\u00f3n\/Zona Roja Cdmx. Ciudad de M\u00e9xico, a 31 de octubre de 2024.- Patricia Ram\u00edrez, conocida&hellip;<\/p>\n","protected":false},"author":2,"featured_media":65270,"comment_status":"closed","ping_status":"open","sticky":false,"template":"","format":"standard","meta":{"_lmt_disableupdate":"","_lmt_disable":"","_jetpack_memberships_contains_paid_content":false,"footnotes":""},"categories":[109,47],"tags":[3554],"class_list":["post-73993","post","type-post","status-publish","format-standard","has-post-thumbnail","hentry","category-minuto-a-minuto","category-zona-gris","tag-agresion-a-periodistas-en-mexico"],"jetpack_featured_media_url":"https:\/\/zonaroja.com.mx\/wp-content\/uploads\/2024\/02\/Prensa-agresiones-a-periodistas-protesta.jpeg","jetpack_sharing_enabled":true,"_links":{"self":[{"href":"https:\/\/zonaroja.com.mx\/index.php?rest_route=\/wp\/v2\/posts\/73993","targetHints":{"allow":["GET"]}}],"collection":[{"href":"https:\/\/zonaroja.com.mx\/index.php?rest_route=\/wp\/v2\/posts"}],"about":[{"href":"https:\/\/zonaroja.com.mx\/index.php?rest_route=\/wp\/v2\/types\/post"}],"author":[{"embeddable":true,"href":"https:\/\/zonaroja.com.mx\/index.php?rest_route=\/wp\/v2\/users\/2"}],"replies":[{"embeddable":true,"href":"https:\/\/zonaroja.com.mx\/index.php?rest_route=%2Fwp%2Fv2%2Fcomments&post=73993"}],"version-history":[{"count":1,"href":"https:\/\/zonaroja.com.mx\/index.php?rest_route=\/wp\/v2\/posts\/73993\/revisions"}],"predecessor-version":[{"id":73994,"href":"https:\/\/zonaroja.com.mx\/index.php?rest_route=\/wp\/v2\/posts\/73993\/revisions\/73994"}],"wp:featuredmedia":[{"embeddable":true,"href":"https:\/\/zonaroja.com.mx\/index.php?rest_route=\/wp\/v2\/media\/65270"}],"wp:attachment":[{"href":"https:\/\/zonaroja.com.mx\/index.php?rest_route=%2Fwp%2Fv2%2Fmedia&parent=73993"}],"wp:term":[{"taxonomy":"category","embeddable":true,"href":"https:\/\/zonaroja.com.mx\/index.php?rest_route=%2Fwp%2Fv2%2Fcategories&post=73993"},{"taxonomy":"post_tag","embeddable":true,"href":"https:\/\/zonaroja.com.mx\/index.php?rest_route=%2Fwp%2Fv2%2Ftags&post=73993"}],"curies":[{"name":"wp","href":"https:\/\/api.w.org\/{rel}","templated":true}]}}