{"id":73995,"date":"2024-10-31T08:20:00","date_gmt":"2024-10-31T14:20:00","guid":{"rendered":"https:\/\/zonaroja.com.mx\/?p=73995"},"modified":"2024-10-31T07:49:49","modified_gmt":"2024-10-31T13:49:49","slug":"seccion-22-de-oaxaca-se-levanta-de-mesa-de-dialogo-con-sheinbaum","status":"publish","type":"post","link":"https:\/\/zonaroja.com.mx\/?p=73995","title":{"rendered":"Secci\u00f3n 22 de Oaxaca \u201cse levanta\u201d de mesa de di\u00e1logo con Sheinbaum"},"content":{"rendered":"\n<p>Redacci\u00f3n\/Zona Roja Cdmx.<\/p>\n\n\n\n<p>Ciudad de M\u00e9xico, a 31 de octubre de 2024.- La dirigencia de la Secci\u00f3n 22 de Oaxaca del magisterio disidente \u201cse levant\u00f3\u201d de la mesa de di\u00e1logo con la presidenta Claudia Sheinbaum Pardo debido a un \u201ccaso particular\u201d, aunque no se especific\u00f3 si es en referencia a la asistencia al encuentro, que se realiza en Palacio Nacional, del profesor Azael Santiago Chepi, ex dirigente de la secci\u00f3n, ex diputado de Morena y actual enlace de la Secretar\u00eda de Educaci\u00f3n P\u00fablica (SEP) con el Poder Legislativo.<\/p>\n\n\n\n<p>La postura, dada a conocer por la secretaria general del magisterio oaxaque\u00f1o, Yenny Aracely P\u00e9rez, se da luego de un resolutivo de su asamblea estatal en el que determinaron no participar en las negociaciones \u201cdonde se imponga la presencia de Chepi\u201d, quien fue declarado persona non grata por el magisterio de la entidad.<\/p>\n\n\n\n<p>En breve entrevista a su salida de Palacio Nacional, la maestra Jenny P\u00e9rez, confirm\u00f3 que \u00fanicamente la representaci\u00f3n de Oaxaca se retir\u00f3 del encuentro, por lo que continuaba la mesa de di\u00e1logo con representantes de la Coordinadora Nacional de Trabajadores de la Educaci\u00f3n (CNTE) de Chiapas, Guerrero, Michoac\u00e1n, estado de M\u00e9xico y Ciudad de M\u00e9xico, entre otros.<\/p>\n\n\n\n<p>En tanto, cientos de maestros marcharon hacia el z\u00f3calo capitalino, para dar cobertura a la reuni\u00f3n con el gobierno federal.<\/p>\n\n\n\n<p>(Con informaci\u00f3n de \u201cLa Jornada\u201d)<\/p>\n","protected":false},"excerpt":{"rendered":"<p>Redacci\u00f3n\/Zona Roja Cdmx. Ciudad de M\u00e9xico, a 31 de octubre de 2024.- La dirigencia de&hellip;<\/p>\n","protected":false},"author":2,"featured_media":65579,"comment_status":"closed","ping_status":"open","sticky":false,"template":"","format":"standard","meta":{"_lmt_disableupdate":"","_lmt_disable":"","_jetpack_memberships_contains_paid_content":false,"footnotes":""},"categories":[109,47],"tags":[312],"class_list":["post-73995","post","type-post","status-publish","format-standard","has-post-thumbnail","hentry","category-minuto-a-minuto","category-zona-gris","tag-seccion-22-del-snte"],"jetpack_featured_media_url":"https:\/\/zonaroja.com.mx\/wp-content\/uploads\/2024\/02\/Seccion-22-del-SNTE.jpg","jetpack_sharing_enabled":true,"_links":{"self":[{"href":"https:\/\/zonaroja.com.mx\/index.php?rest_route=\/wp\/v2\/posts\/73995","targetHints":{"allow":["GET"]}}],"collection":[{"href":"https:\/\/zonaroja.com.mx\/index.php?rest_route=\/wp\/v2\/posts"}],"about":[{"href":"https:\/\/zonaroja.com.mx\/index.php?rest_route=\/wp\/v2\/types\/post"}],"author":[{"embeddable":true,"href":"https:\/\/zonaroja.com.mx\/index.php?rest_route=\/wp\/v2\/users\/2"}],"replies":[{"embeddable":true,"href":"https:\/\/zonaroja.com.mx\/index.php?rest_route=%2Fwp%2Fv2%2Fcomments&post=73995"}],"version-history":[{"count":1,"href":"https:\/\/zonaroja.com.mx\/index.php?rest_route=\/wp\/v2\/posts\/73995\/revisions"}],"predecessor-version":[{"id":73996,"href":"https:\/\/zonaroja.com.mx\/index.php?rest_route=\/wp\/v2\/posts\/73995\/revisions\/73996"}],"wp:featuredmedia":[{"embeddable":true,"href":"https:\/\/zonaroja.com.mx\/index.php?rest_route=\/wp\/v2\/media\/65579"}],"wp:attachment":[{"href":"https:\/\/zonaroja.com.mx\/index.php?rest_route=%2Fwp%2Fv2%2Fmedia&parent=73995"}],"wp:term":[{"taxonomy":"category","embeddable":true,"href":"https:\/\/zonaroja.com.mx\/index.php?rest_route=%2Fwp%2Fv2%2Fcategories&post=73995"},{"taxonomy":"post_tag","embeddable":true,"href":"https:\/\/zonaroja.com.mx\/index.php?rest_route=%2Fwp%2Fv2%2Ftags&post=73995"}],"curies":[{"name":"wp","href":"https:\/\/api.w.org\/{rel}","templated":true}]}}