{"id":73997,"date":"2024-10-31T09:20:00","date_gmt":"2024-10-31T15:20:00","guid":{"rendered":"https:\/\/zonaroja.com.mx\/?p=73997"},"modified":"2024-10-31T07:53:00","modified_gmt":"2024-10-31T13:53:00","slug":"avala-congreso-de-oaxaca-reforma-constitucional-en-materia-de-inimpugnabilidad","status":"publish","type":"post","link":"https:\/\/zonaroja.com.mx\/?p=73997","title":{"rendered":"Avala Congreso de Oaxaca reforma constitucional en materia de inimpugnabilidad"},"content":{"rendered":"\n<p>Redacci\u00f3n\/Zona Roja.<\/p>\n\n\n\n<p>Oaxaca de Ju\u00e1rez, Oax. 31 de octubre de 2024.- Por unanimidad, el Congreso de Oaxaca aprob\u00f3 en lo general y en lo particular la minuta con proyecto de decreto por el que se reforma la Carta Magna en materia de inimpugnabilidad de las adiciones o reformas a la Constituci\u00f3n federal, remitida por el Congreso de la Uni\u00f3n.<\/p>\n\n\n\n<p>En sesi\u00f3n extraordinaria esta ma\u00f1ana, el pleno de la 65 Legislatura local aval\u00f3 con 38 votos a favor la ma\u00f1ana de este jueves esta modificaci\u00f3n de conformidad con el art\u00edculo 135 de la Constituci\u00f3n Pol\u00edtica de los Estados Unidos Mexicanos.<\/p>\n\n\n\n<p>El presidente de la Junta de Coordinaci\u00f3n Pol\u00edtica (Jucopo), Sergio L\u00f3pez S\u00e1nchez, celebr\u00f3 la aprobaci\u00f3n de esta reforma al considerar que con ello se garantizar\u00e1 la \u201csupremac\u00eda constitucional\u201d, a fin de que sea la Carta Magna la que rija el actuar de los tres poderes del pa\u00eds. \u201cNada ni nadie por encima de la Constituci\u00f3n\u201d, se\u00f1al\u00f3.<\/p>\n\n\n\n<p>De igual manera, la presidenta de la Comisi\u00f3n Permanente de Estudios Constitucionales, Liz Hern\u00e1ndez Matus, dijo que \u201cno le compete al Poder Judicial impedir los cambios constitucionales ni modificar la voluntad soberana del pueblo a trav\u00e9s de los mecanismos dise\u00f1ados precisamente para la defensa del orden constitucional\u201d.<\/p>\n\n\n\n<p>Con lo aprobado, se modifica el art\u00edculo 107 y se agrega un quinto p\u00e1rrafo al art\u00edculo 105 de la Carta Magna, para establecer que \u201cson improcedentes las controversias constitucionales o acciones de inconstitucionalidad que tengan por objeto controvertir las adiciones o reformas a la Constituci\u00f3n\u201d.<\/p>\n\n\n\n<p>Asimismo, que \u201cno proceder\u00e1 el juicio de amparo contra adiciones o reformas a la Constituci\u00f3n\u201d.<\/p>\n\n\n\n<p>Por lo tanto, qued\u00f3 decretado en el art\u00edculo 107 constitucional que \u201clas sentencias que se pronuncien en los juicios de amparo solo se ocupar\u00e1n de personas quejosas que lo hubieren solicitado, limit\u00e1ndose a ampararlas y protegerlas, si procediere, en el caso especial sobre el que verse la demanda. Trat\u00e1ndose de juicios de amparo que resuelvan la inconstitucionalidad de normas generales, en ning\u00fan caso las sentencias que se dicten fijar\u00e1n efectos generales. No proceder\u00e1 el juicio de amparo contra adiciones o reformas a esta Constituci\u00f3n\u201d.<\/p>\n\n\n\n<p>En el transitorio segundo se estableci\u00f3 adem\u00e1s que los asuntos que se encuentren en tr\u00e1mite deber\u00e1n resolverse conforme a las disposiciones contenidas en el decreto aprobado.<\/p>\n\n\n\n<p>La reforma entrar\u00e1 en vigor al d\u00eda siguiente de su publicaci\u00f3n en el Diario Oficial de la Federaci\u00f3n.<\/p>\n","protected":false},"excerpt":{"rendered":"<p>Redacci\u00f3n\/Zona Roja. Oaxaca de Ju\u00e1rez, Oax. 31 de octubre de 2024.- Por unanimidad, el Congreso&hellip;<\/p>\n","protected":false},"author":2,"featured_media":73998,"comment_status":"closed","ping_status":"open","sticky":false,"template":"","format":"standard","meta":{"_lmt_disableupdate":"","_lmt_disable":"","_jetpack_memberships_contains_paid_content":false,"footnotes":""},"categories":[109,46],"tags":[2743],"class_list":["post-73997","post","type-post","status-publish","format-standard","has-post-thumbnail","hentry","category-minuto-a-minuto","category-zona-blanca","tag-65-legislatura-del-estado-de-oaxaca"],"jetpack_featured_media_url":"https:\/\/zonaroja.com.mx\/wp-content\/uploads\/2024\/10\/Por-unanimidad-Congreso-de-Oaxaca-avala-reforma-constitucional-en-materia-de-inimpugnabilidad_2.jpeg","jetpack_sharing_enabled":true,"_links":{"self":[{"href":"https:\/\/zonaroja.com.mx\/index.php?rest_route=\/wp\/v2\/posts\/73997","targetHints":{"allow":["GET"]}}],"collection":[{"href":"https:\/\/zonaroja.com.mx\/index.php?rest_route=\/wp\/v2\/posts"}],"about":[{"href":"https:\/\/zonaroja.com.mx\/index.php?rest_route=\/wp\/v2\/types\/post"}],"author":[{"embeddable":true,"href":"https:\/\/zonaroja.com.mx\/index.php?rest_route=\/wp\/v2\/users\/2"}],"replies":[{"embeddable":true,"href":"https:\/\/zonaroja.com.mx\/index.php?rest_route=%2Fwp%2Fv2%2Fcomments&post=73997"}],"version-history":[{"count":1,"href":"https:\/\/zonaroja.com.mx\/index.php?rest_route=\/wp\/v2\/posts\/73997\/revisions"}],"predecessor-version":[{"id":73999,"href":"https:\/\/zonaroja.com.mx\/index.php?rest_route=\/wp\/v2\/posts\/73997\/revisions\/73999"}],"wp:featuredmedia":[{"embeddable":true,"href":"https:\/\/zonaroja.com.mx\/index.php?rest_route=\/wp\/v2\/media\/73998"}],"wp:attachment":[{"href":"https:\/\/zonaroja.com.mx\/index.php?rest_route=%2Fwp%2Fv2%2Fmedia&parent=73997"}],"wp:term":[{"taxonomy":"category","embeddable":true,"href":"https:\/\/zonaroja.com.mx\/index.php?rest_route=%2Fwp%2Fv2%2Fcategories&post=73997"},{"taxonomy":"post_tag","embeddable":true,"href":"https:\/\/zonaroja.com.mx\/index.php?rest_route=%2Fwp%2Fv2%2Ftags&post=73997"}],"curies":[{"name":"wp","href":"https:\/\/api.w.org\/{rel}","templated":true}]}}