{"id":74005,"date":"2024-10-31T11:27:00","date_gmt":"2024-10-31T17:27:00","guid":{"rendered":"https:\/\/zonaroja.com.mx\/?p=74005"},"modified":"2024-10-31T08:32:41","modified_gmt":"2024-10-31T14:32:41","slug":"registra-mexico-252-defensores-asesinados-en-seis-anos-58-en-oaxaca","status":"publish","type":"post","link":"https:\/\/zonaroja.com.mx\/?p=74005","title":{"rendered":"Registra M\u00e9xico 252 defensores asesinados en seis a\u00f1os, 58 en Oaxaca"},"content":{"rendered":"\n<p>Redacci\u00f3n\/Zona Roja.<\/p>\n\n\n\n<p>Oaxaca de Ju\u00e1rez, Oax., a 31 de octubre de 2024.- En el contexto de la celebraci\u00f3n del D\u00eda de Muertos, la asociaci\u00f3n civil Educa presenta los resultados del monitoreo \u201cTodos sus nombres, Todas sus luchas\u201c, sobre Agresiones Graves a Personas Defensoras en M\u00e9xico.&nbsp;<\/p>\n\n\n\n<p>El estudio abarca el periodo comprendido de diciembre de 2018 a octubre de 2024; durante este tiempo se registraron un total de 252 atentados a la vida contra personas defensoras, estos casos de violencia letal incluyen: desapariciones, homicidios y ejecuciones extrajudiciales.&nbsp;<\/p>\n\n\n\n<p>Del total de casos registrados, 225 corresponden a asesinatos y 27 a desapariciones.<\/p>\n\n\n\n<p>El prop\u00f3sito de la presentaci\u00f3n de estos resultados es honrar la memoria de todas las personas que ofrendaron su vida en la lucha de defender derechos, as\u00ed como llamar la atenci\u00f3n del Estado y la ciudadan\u00eda, sobre la grave crisis de seguridad a la que se enfrenta el trabajo de defensa de derechos humanos.<\/p>\n\n\n\n<p>Una de las primeras cosas que llama la atenci\u00f3n es que durante seis a\u00f1os (2018-2024), periodo tambi\u00e9n denominado de la Cuarta Transformaci\u00f3n, 225 personas defensoras fueron asesinadas. En 42 de estos 225 casos, las organizaciones se\u00f1alan al Estado mexicano como responsable de haber cometido una ejecuci\u00f3n extrajudicial.<\/p>\n\n\n\n<p>Las luchas m\u00e1s peligrosas corresponden a la defensa del territorio y los derechos civiles. 94 personas asesinadas defendieron el derecho a la tierra y territorio y a un medio ambiente sano.&nbsp;<\/p>\n\n\n\n<p>Otras 85 personas asesinadas defendieron derechos civiles y pol\u00edticos, entre ellos el derecho a la libertad de asociaci\u00f3n. Estas luchas representan el 80% de los asesinatos de personas defensoras (179 de 225).<\/p>\n\n\n\n<p>El sur-sureste es la regi\u00f3n m\u00e1s peligrosa para la defensa comunitaria; Oaxaca registr\u00f3 58 personas defensoras asesinadas. Le siguen Guerrero con 39 y Chiapas con 17 personas defensoras asesinadas. Estos 114 asesinatos de personas defensoras en el sur-sureste representan el 51 % de todos los casos en M\u00e9xico.<\/p>\n\n\n\n<p>Un hallazgo importante del monitoreo es que los defensores ind\u00edgenas y campesinos enfrentan racismo y violencia.&nbsp;<\/p>\n\n\n\n<p>Del total de 225 personas defensoras asesinadas, 140 eran ind\u00edgenas, una afromexicana.&nbsp;<\/p>\n\n\n\n<p>El 62 % de las personas defensoras asesinadas pertenec\u00edan a un pueblo ind\u00edgena y 57 % eran campesinas. La conclusi\u00f3n que se desprende es que los mataron porque, adem\u00e1s de ser defensores, eran ind\u00edgenas y campesinos.<\/p>\n\n\n\n<p>M\u00e1s informaci\u00f3n:<\/p>\n\n\n\n<figure class=\"wp-block-embed is-type-wp-embed is-provider-educa wp-block-embed-educa\"><div class=\"wp-block-embed__wrapper\">\n<blockquote class=\"wp-embedded-content\" data-secret=\"F8iVmFSDvf\"><a href=\"https:\/\/www.educaoaxaca.org\/en-los-ultimos-seis-anos-fueron-asesinadas-225-personas-defensoras-en-mexico\/\">En los \u00faltimos seis a\u00f1os fueron asesinadas 225 personas defensoras en M\u00e9xico<\/a><\/blockquote><iframe class=\"wp-embedded-content\" sandbox=\"allow-scripts\" security=\"restricted\" style=\"position: absolute; clip: rect(1px, 1px, 1px, 1px);\" title=\"&#8220;En los \u00faltimos seis a\u00f1os fueron asesinadas 225 personas defensoras en M\u00e9xico&#8221; &#8212; EDUCA\" src=\"https:\/\/www.educaoaxaca.org\/en-los-ultimos-seis-anos-fueron-asesinadas-225-personas-defensoras-en-mexico\/embed\/#?secret=F2hogOpCC5#?secret=F8iVmFSDvf\" data-secret=\"F8iVmFSDvf\" width=\"600\" height=\"338\" frameborder=\"0\" marginwidth=\"0\" marginheight=\"0\" scrolling=\"no\"><\/iframe>\n<\/div><\/figure>\n","protected":false},"excerpt":{"rendered":"<p>Redacci\u00f3n\/Zona Roja. Oaxaca de Ju\u00e1rez, Oax., a 31 de octubre de 2024.- En el contexto&hellip;<\/p>\n","protected":false},"author":2,"featured_media":74006,"comment_status":"closed","ping_status":"open","sticky":false,"template":"","format":"standard","meta":{"_lmt_disableupdate":"","_lmt_disable":"","_jetpack_memberships_contains_paid_content":false,"footnotes":""},"categories":[109,47],"tags":[2275],"class_list":["post-74005","post","type-post","status-publish","format-standard","has-post-thumbnail","hentry","category-minuto-a-minuto","category-zona-gris","tag-servicios-para-una-educacion-alternativa-a-c-educa"],"jetpack_featured_media_url":"https:\/\/zonaroja.com.mx\/wp-content\/uploads\/2024\/10\/Defensores-asesinados-Mexico-Educa.jpg","jetpack_sharing_enabled":true,"_links":{"self":[{"href":"https:\/\/zonaroja.com.mx\/index.php?rest_route=\/wp\/v2\/posts\/74005","targetHints":{"allow":["GET"]}}],"collection":[{"href":"https:\/\/zonaroja.com.mx\/index.php?rest_route=\/wp\/v2\/posts"}],"about":[{"href":"https:\/\/zonaroja.com.mx\/index.php?rest_route=\/wp\/v2\/types\/post"}],"author":[{"embeddable":true,"href":"https:\/\/zonaroja.com.mx\/index.php?rest_route=\/wp\/v2\/users\/2"}],"replies":[{"embeddable":true,"href":"https:\/\/zonaroja.com.mx\/index.php?rest_route=%2Fwp%2Fv2%2Fcomments&post=74005"}],"version-history":[{"count":1,"href":"https:\/\/zonaroja.com.mx\/index.php?rest_route=\/wp\/v2\/posts\/74005\/revisions"}],"predecessor-version":[{"id":74007,"href":"https:\/\/zonaroja.com.mx\/index.php?rest_route=\/wp\/v2\/posts\/74005\/revisions\/74007"}],"wp:featuredmedia":[{"embeddable":true,"href":"https:\/\/zonaroja.com.mx\/index.php?rest_route=\/wp\/v2\/media\/74006"}],"wp:attachment":[{"href":"https:\/\/zonaroja.com.mx\/index.php?rest_route=%2Fwp%2Fv2%2Fmedia&parent=74005"}],"wp:term":[{"taxonomy":"category","embeddable":true,"href":"https:\/\/zonaroja.com.mx\/index.php?rest_route=%2Fwp%2Fv2%2Fcategories&post=74005"},{"taxonomy":"post_tag","embeddable":true,"href":"https:\/\/zonaroja.com.mx\/index.php?rest_route=%2Fwp%2Fv2%2Ftags&post=74005"}],"curies":[{"name":"wp","href":"https:\/\/api.w.org\/{rel}","templated":true}]}}