{"id":74031,"date":"2024-11-01T09:30:00","date_gmt":"2024-11-01T15:30:00","guid":{"rendered":"https:\/\/zonaroja.com.mx\/?p=74031"},"modified":"2024-11-01T07:24:04","modified_gmt":"2024-11-01T13:24:04","slug":"reconoce-gobernador-al-congreso-por-aprobar-reforma-que-defiende-la-soberania-popular","status":"publish","type":"post","link":"https:\/\/zonaroja.com.mx\/?p=74031","title":{"rendered":"Reconoce gobernador al Congreso por aprobar reforma que defiende la soberan\u00eda popular"},"content":{"rendered":"\n<p>Redacci\u00f3n\/Zona Roja. Foto: Archivo.<\/p>\n\n\n\n<p>Oaxaca de Ju\u00e1rez, Oax., a 1 de noviembre de 2024.- El gobernador Salom\u00f3n Jara Cruz reconoci\u00f3 a las y los diputados del Congreso del Estado de Oaxaca, quienes avalaron por unanimidad la minuta por la que se aprueba la reforma constitucional en materia de Inimpugnabilidad de las adiciones o reformas a la Constituci\u00f3n federal.&nbsp;<\/p>\n\n\n\n<p>Celebr\u00f3 que la entidad sea una de las primeras del pa\u00eds en aprobar una reforma por la defensa de la soberan\u00eda popular y la legitimidad democr\u00e1tica de nuestro pa\u00eds.<\/p>\n\n\n\n<p>Fue la ma\u00f1ana de ayer en sesi\u00f3n extraordinaria, en que el pleno de la 65 Legislatura local aval\u00f3 con 38 votos a favor esta modificaci\u00f3n de conformidad con el art\u00edculo 135 de la Constituci\u00f3n Pol\u00edtica de los Estados Unidos Mexicanos.<\/p>\n\n\n\n<p>Lo que se modific\u00f3 fue el art\u00edculo 107 y se agreg\u00f3 un quinto p\u00e1rrafo al art\u00edculo 105 de la Carta Magna, para establecer que son improcedentes las controversias constitucionales o acciones de inconstitucionalidad que tengan por objeto controvertir las adiciones o reformas a la Constituci\u00f3n.&nbsp;<\/p>\n\n\n\n<p>De igual forma, no proceder\u00e1 el juicio de amparo contra adiciones o reformas a la Constituci\u00f3n, de acuerdo a la informaci\u00f3n emitida por el Congreso local.<\/p>\n\n\n\n<figure class=\"wp-block-embed is-type-rich is-provider-twitter wp-block-embed-twitter\"><div class=\"wp-block-embed__wrapper\">\n<div class=\"twitter-tweet\"><blockquote class=\"twitter-tweet\" data-lang=\"es\"><p lang=\"zxx\" dir=\"ltr\"><a href=\"https:\/\/t.co\/mKfb1p7aZn\">pic.twitter.com\/mKfb1p7aZn<\/a><\/p>&mdash; Salom\u00f3n Jara Cruz (@salomonj) <a href=\"https:\/\/twitter.com\/salomonj\/status\/1852075144006533490?ref_src=twsrc%5Etfw\">31 de octubre de 2024<\/a><\/blockquote><\/div>\n<\/div><\/figure>\n\n\n\n<p>GIRA CON CONAGUA<\/p>\n\n\n\n<p>Por otra parte, con la finalidad de que la Comisi\u00f3n Nacional del Agua (Conagua) conozca las condiciones actuales de los r\u00edos \u201cAtoyac\u201d y \u201cSalado\u201d, los cuales requieren de manera urgente un saneamiento integral, el gobernador Salom\u00f3n Jara Cruz encabez\u00f3 un recorrido por dichos afluentes.&nbsp;<\/p>\n\n\n\n<p>Junto al director General de Conagua, Efra\u00edn Morales L\u00f3pez, se supervis\u00f3 la planta de tratamiento de aguas residuales de la ciudad de Oaxaca y municipios conurbados, en el cual se constat\u00f3 las condiciones luego de m\u00e1s de 20 a\u00f1os de operaciones y que hoy cumple con su objetivo principal.&nbsp;<\/p>\n\n\n\n<p>De acuerdo con el director de la Comisi\u00f3n Estatal del Agua para el Bienestar (Ceabien) Neftal\u00ed Amigdael L\u00f3pez, en esta actividad se plante\u00f3 una reingenier\u00eda de la planta para cumplir con las normas actuales y una ampliaci\u00f3n, adem\u00e1s de la rehabilitaci\u00f3n de colectores y dem\u00e1s proyectos que se tienen en materia de saneamiento de los r\u00edos y de la zona conurbada.&nbsp;<\/p>\n\n\n\n<p>Dijo que se debe tener la capacidad para poder tratar las aguas que las necesidades actuales requieren.&nbsp;<\/p>\n\n\n\n<p>Se hizo un recorrido tambi\u00e9n por las m\u00e1rgenes de los r\u00edos \u201cSalado\u201d y \u201cAtoyac\u201d, donde se pudieron observar las descargas que ah\u00ed se realizan, as\u00ed como la invasi\u00f3n en estas \u00e1reas.&nbsp;<\/p>\n\n\n\n<p>El funcionario puntualiz\u00f3 que, para el Gobierno de la Primavera Oaxaque\u00f1a, fue un recorrido pr\u00e1ctico en el que se pudieron establecer acuerdos y rutas para atender diversos temas, adem\u00e1s del saneamiento de plantas ubicadas en el estado. Todo ello para fortalecer la infraestructura h\u00eddrica en las ocho regiones.&nbsp;<\/p>\n\n\n\n<p>Precis\u00f3 que, de la mano del Gobierno Federal, seguir\u00e1n las reuniones para dar seguimiento a los proyectos en la materia, con el objetivo firme de materializarlos para favorecer a la ciudadan\u00eda.<\/p>\n","protected":false},"excerpt":{"rendered":"<p>Redacci\u00f3n\/Zona Roja. Foto: Archivo. Oaxaca de Ju\u00e1rez, Oax., a 1 de noviembre de 2024.- El&hellip;<\/p>\n","protected":false},"author":2,"featured_media":71733,"comment_status":"closed","ping_status":"open","sticky":false,"template":"","format":"standard","meta":{"_lmt_disableupdate":"","_lmt_disable":"","_jetpack_memberships_contains_paid_content":false,"footnotes":""},"categories":[109,46],"tags":[939],"class_list":["post-74031","post","type-post","status-publish","format-standard","has-post-thumbnail","hentry","category-minuto-a-minuto","category-zona-blanca","tag-salomon-jara-cruz"],"jetpack_featured_media_url":"https:\/\/zonaroja.com.mx\/wp-content\/uploads\/2024\/08\/img_6525-1.jpg","jetpack_sharing_enabled":true,"_links":{"self":[{"href":"https:\/\/zonaroja.com.mx\/index.php?rest_route=\/wp\/v2\/posts\/74031","targetHints":{"allow":["GET"]}}],"collection":[{"href":"https:\/\/zonaroja.com.mx\/index.php?rest_route=\/wp\/v2\/posts"}],"about":[{"href":"https:\/\/zonaroja.com.mx\/index.php?rest_route=\/wp\/v2\/types\/post"}],"author":[{"embeddable":true,"href":"https:\/\/zonaroja.com.mx\/index.php?rest_route=\/wp\/v2\/users\/2"}],"replies":[{"embeddable":true,"href":"https:\/\/zonaroja.com.mx\/index.php?rest_route=%2Fwp%2Fv2%2Fcomments&post=74031"}],"version-history":[{"count":1,"href":"https:\/\/zonaroja.com.mx\/index.php?rest_route=\/wp\/v2\/posts\/74031\/revisions"}],"predecessor-version":[{"id":74032,"href":"https:\/\/zonaroja.com.mx\/index.php?rest_route=\/wp\/v2\/posts\/74031\/revisions\/74032"}],"wp:featuredmedia":[{"embeddable":true,"href":"https:\/\/zonaroja.com.mx\/index.php?rest_route=\/wp\/v2\/media\/71733"}],"wp:attachment":[{"href":"https:\/\/zonaroja.com.mx\/index.php?rest_route=%2Fwp%2Fv2%2Fmedia&parent=74031"}],"wp:term":[{"taxonomy":"category","embeddable":true,"href":"https:\/\/zonaroja.com.mx\/index.php?rest_route=%2Fwp%2Fv2%2Fcategories&post=74031"},{"taxonomy":"post_tag","embeddable":true,"href":"https:\/\/zonaroja.com.mx\/index.php?rest_route=%2Fwp%2Fv2%2Ftags&post=74031"}],"curies":[{"name":"wp","href":"https:\/\/api.w.org\/{rel}","templated":true}]}}