{"id":74036,"date":"2024-11-01T08:15:47","date_gmt":"2024-11-01T14:15:47","guid":{"rendered":"https:\/\/zonaroja.com.mx\/?p=74036"},"modified":"2024-11-01T08:15:48","modified_gmt":"2024-11-01T14:15:48","slug":"rechaza-juan-rafael-rosas-herrera-senalamientos-en-su-contra","status":"publish","type":"post","link":"https:\/\/zonaroja.com.mx\/?p=74036","title":{"rendered":"Rechaza Juan Rafael Rosas Herrera se\u00f1alamientos en su contra"},"content":{"rendered":"\n<p>Raymundo Morales\/Zona Roja.<\/p>\n\n\n\n<p>Oaxaca de Ju\u00e1rez, Oax., a 1 de noviembre de 2024.- El ex dirigente de trabajadores del gobierno de Oaxaca rechaz\u00f3 se\u00f1alamientos en su contra sobre presuntos actos de corrupci\u00f3n y desestabilizaci\u00f3n en la Direcci\u00f3n del Monte de Piedad.<\/p>\n\n\n\n<p>En conferencia de prensa este jueves, destac\u00f3 que por el contrario, diversos funcionarios lo han buscado y los ha apoyado en gestiones en diversas instancias estatales.<\/p>\n\n\n\n<p>Incluso, ha demandado una audiencia con el gobernador Salom\u00f3n Jara Cruz para precisar temas en que ha sido mencionado en conferencias matutinas del mandatario y que considera son infundios.<\/p>\n\n\n\n<p>No obstante, sus colaboradores cercanos le han negado una cita, por lo cual p\u00fablicamente pidi\u00f3 una reuni\u00f3n, a fin de reiterar su disposici\u00f3n para colaborar con las autoridades de cualquier nivel de gobierno en aras de la gobernabilidad y estabilidad del estado.<\/p>\n\n\n\n<p>\u201cEn los \u00faltimos d\u00edas mi nombre ha sido utilizado de manera tendenciosa en diferentes conferencias de prensa dirigidas al pueblo de Oaxaca, as\u00ed como en medios de comunicaci\u00f3n, acus\u00e1ndome de manera directa de ser factor de provocaci\u00f3n o incitaci\u00f3n a conflictos que se han suscitado en dependencias del estado\u201d, detall\u00f3 el actual regidor del ayuntamiento de Oaxaca de Ju\u00e1rez.<\/p>\n\n\n\n<p>Destac\u00f3 que ha actuado de manera prudente y sensata; \u201cno obstante, ante los constantes ataques recibidos, hoy me veo en la necesidad de expresar:<\/p>\n\n\n\n<p>\u201cSoy un hombre de trabajo, mi andar por el servicio p\u00fablico da fe de mis actos, soy profesional que ejerce la pol\u00edtica con dignidad y orgullo. No permitir\u00e9 m\u00e1s que se me difame sin pruebas, que confunden y da\u00f1ando mi reputaci\u00f3n mediante imputaciones falsas y tendenciosas.<\/p>\n\n\n\n<p>\u201cComo lo he dicho en diferentes ocasiones, si hay algo por lo que tenga que ser requerido y juzgado, estoy dispuesto a comparecer ante cualquier autoridad; no debo nada ni temo nada; lo m\u00e1s valioso que tengo es mi vida y la vida de quienes me rodean\u201d, dijo.<\/p>\n\n\n\n<p>Luego precis\u00f3 que hac\u00eda responsable al titular del Poder Ejecutivo de cualquier situaci\u00f3n que le pudiera ocurrir a \u00e9l o a su familia, al ser expuesto medi\u00e1ticamente como supuesto autor de corrupci\u00f3n.<\/p>\n\n\n\n<p>Expuso que cuenta con una licencia de tres a\u00f1os a su base laboral, que era en el Monte de Piedad y por lo cual no ha participado en ninguna actividad sindical ni mucho menos de movilizaci\u00f3n; asimismo, tampoco participa ni participar\u00e1 en la sucesi\u00f3n de la dirigencia del Sindicato de Trabajadores al Servicio de los Poderes del Estado e Instituciones Descentralizadas de Car\u00e1cter Estatal, al contar a\u00fan con una licencia a su trabajo.<\/p>\n","protected":false},"excerpt":{"rendered":"<p>Raymundo Morales\/Zona Roja. Oaxaca de Ju\u00e1rez, Oax., a 1 de noviembre de 2024.- El ex&hellip;<\/p>\n","protected":false},"author":2,"featured_media":74037,"comment_status":"closed","ping_status":"open","sticky":false,"template":"","format":"standard","meta":{"_lmt_disableupdate":"","_lmt_disable":"","_jetpack_memberships_contains_paid_content":false,"footnotes":""},"categories":[109,47],"tags":[1917],"class_list":["post-74036","post","type-post","status-publish","format-standard","has-post-thumbnail","hentry","category-minuto-a-minuto","category-zona-gris","tag-juan-rafael-rosas-herrera"],"jetpack_featured_media_url":"https:\/\/zonaroja.com.mx\/wp-content\/uploads\/2024\/11\/Juan-Rafael-Rosas-Herrera.jpg","jetpack_sharing_enabled":true,"_links":{"self":[{"href":"https:\/\/zonaroja.com.mx\/index.php?rest_route=\/wp\/v2\/posts\/74036","targetHints":{"allow":["GET"]}}],"collection":[{"href":"https:\/\/zonaroja.com.mx\/index.php?rest_route=\/wp\/v2\/posts"}],"about":[{"href":"https:\/\/zonaroja.com.mx\/index.php?rest_route=\/wp\/v2\/types\/post"}],"author":[{"embeddable":true,"href":"https:\/\/zonaroja.com.mx\/index.php?rest_route=\/wp\/v2\/users\/2"}],"replies":[{"embeddable":true,"href":"https:\/\/zonaroja.com.mx\/index.php?rest_route=%2Fwp%2Fv2%2Fcomments&post=74036"}],"version-history":[{"count":1,"href":"https:\/\/zonaroja.com.mx\/index.php?rest_route=\/wp\/v2\/posts\/74036\/revisions"}],"predecessor-version":[{"id":74038,"href":"https:\/\/zonaroja.com.mx\/index.php?rest_route=\/wp\/v2\/posts\/74036\/revisions\/74038"}],"wp:featuredmedia":[{"embeddable":true,"href":"https:\/\/zonaroja.com.mx\/index.php?rest_route=\/wp\/v2\/media\/74037"}],"wp:attachment":[{"href":"https:\/\/zonaroja.com.mx\/index.php?rest_route=%2Fwp%2Fv2%2Fmedia&parent=74036"}],"wp:term":[{"taxonomy":"category","embeddable":true,"href":"https:\/\/zonaroja.com.mx\/index.php?rest_route=%2Fwp%2Fv2%2Fcategories&post=74036"},{"taxonomy":"post_tag","embeddable":true,"href":"https:\/\/zonaroja.com.mx\/index.php?rest_route=%2Fwp%2Fv2%2Ftags&post=74036"}],"curies":[{"name":"wp","href":"https:\/\/api.w.org\/{rel}","templated":true}]}}