{"id":74045,"date":"2024-11-01T17:14:00","date_gmt":"2024-11-01T23:14:00","guid":{"rendered":"https:\/\/zonaroja.com.mx\/?p=74045"},"modified":"2024-11-01T15:15:40","modified_gmt":"2024-11-01T21:15:40","slug":"aumenta-a-205-el-numero-de-muertos-por-lluvias-en-espana","status":"publish","type":"post","link":"https:\/\/zonaroja.com.mx\/?p=74045","title":{"rendered":"Aumenta a 205 el n\u00famero de muertos por lluvias en Espa\u00f1a"},"content":{"rendered":"\n<p>Redacci\u00f3n\/Zona Roja Cdmx.<\/p>\n\n\n\n<p>Ciudad de M\u00e9xico, a 1 de noviembre de 2024.- El n\u00famero de muertos por el temporal en el este de Espa\u00f1a aument\u00f3 a 205, de los que 202 son ya en la provincia de Valencia, seg\u00fan inform\u00f3 el Centro de Emergencias de la Generalitat Valenciana.<\/p>\n\n\n\n<p>Son 47 personas muertas m\u00e1s que el recuento anterior, que se hab\u00eda establecido este jueves en 158, 155 de ellas en Valencia, pero la cifra sigue siendo provisional, ya que contin\u00faa el proceso de levantamiento e identificaci\u00f3n de los cad\u00e1veres.<\/p>\n\n\n\n<p>Adem\u00e1s de los fallecidos en Valencia, hubo dos muertos en la regi\u00f3n de Castilla-La Mancha y uno en Andaluc\u00eda.<\/p>\n\n\n\n<p>Un gran n\u00famero de muertos en Valencia corresponde a la localidad de Paiporta (62 seg\u00fan los \u00faltimos datos facilitados), y desde este viernes est\u00e1n llegando al pabell\u00f3n habilitado en el recinto de la Feria de Valencia los cad\u00e1veres a los que ya se les practic\u00f3 la autopsia y fueron identificados, donde se custodian antes de que se entreguen a las familias.<\/p>\n\n\n\n<p>El procedimiento que se ha establecido por autoridades de Espa\u00f1a es que, una vez identificados los cuerpos, los juzgados van a contactar desde hoy mismo con los familiares que hayan comunicado sus desapariciones para notificarles la defunci\u00f3n y expedir la documentaci\u00f3n que permitir\u00e1 a sus funerarias o sus compa\u00f1\u00edas de seguros acudir al recinto ferial a hacerse cargo de los cuerpos.<\/p>\n\n\n\n<p>El Ej\u00e9rcito est\u00e1 llegando este viernes a los municipios de la provincia m\u00e1s afectados por las inundaciones para ayudar a despejar calles y accesos, mientras que las autoridades han pedido evitar desplazamientos de particulares a la zona que quieran colaborar porque se est\u00e1n produciendo colapsos.<\/p>\n\n\n\n<p>(Con informaci\u00f3n de la agencia EFE)<\/p>\n","protected":false},"excerpt":{"rendered":"<p>Redacci\u00f3n\/Zona Roja Cdmx. Ciudad de M\u00e9xico, a 1 de noviembre de 2024.- El n\u00famero de&hellip;<\/p>\n","protected":false},"author":2,"featured_media":74046,"comment_status":"closed","ping_status":"open","sticky":false,"template":"","format":"standard","meta":{"_lmt_disableupdate":"","_lmt_disable":"","_jetpack_memberships_contains_paid_content":false,"footnotes":""},"categories":[109,47],"tags":[],"class_list":["post-74045","post","type-post","status-publish","format-standard","has-post-thumbnail","hentry","category-minuto-a-minuto","category-zona-gris"],"jetpack_featured_media_url":"https:\/\/zonaroja.com.mx\/wp-content\/uploads\/2024\/11\/Lluvias-DANa-Valencia-Espana.webp","jetpack_sharing_enabled":true,"_links":{"self":[{"href":"https:\/\/zonaroja.com.mx\/index.php?rest_route=\/wp\/v2\/posts\/74045","targetHints":{"allow":["GET"]}}],"collection":[{"href":"https:\/\/zonaroja.com.mx\/index.php?rest_route=\/wp\/v2\/posts"}],"about":[{"href":"https:\/\/zonaroja.com.mx\/index.php?rest_route=\/wp\/v2\/types\/post"}],"author":[{"embeddable":true,"href":"https:\/\/zonaroja.com.mx\/index.php?rest_route=\/wp\/v2\/users\/2"}],"replies":[{"embeddable":true,"href":"https:\/\/zonaroja.com.mx\/index.php?rest_route=%2Fwp%2Fv2%2Fcomments&post=74045"}],"version-history":[{"count":1,"href":"https:\/\/zonaroja.com.mx\/index.php?rest_route=\/wp\/v2\/posts\/74045\/revisions"}],"predecessor-version":[{"id":74047,"href":"https:\/\/zonaroja.com.mx\/index.php?rest_route=\/wp\/v2\/posts\/74045\/revisions\/74047"}],"wp:featuredmedia":[{"embeddable":true,"href":"https:\/\/zonaroja.com.mx\/index.php?rest_route=\/wp\/v2\/media\/74046"}],"wp:attachment":[{"href":"https:\/\/zonaroja.com.mx\/index.php?rest_route=%2Fwp%2Fv2%2Fmedia&parent=74045"}],"wp:term":[{"taxonomy":"category","embeddable":true,"href":"https:\/\/zonaroja.com.mx\/index.php?rest_route=%2Fwp%2Fv2%2Fcategories&post=74045"},{"taxonomy":"post_tag","embeddable":true,"href":"https:\/\/zonaroja.com.mx\/index.php?rest_route=%2Fwp%2Fv2%2Ftags&post=74045"}],"curies":[{"name":"wp","href":"https:\/\/api.w.org\/{rel}","templated":true}]}}