{"id":74048,"date":"2024-11-01T16:19:00","date_gmt":"2024-11-01T22:19:00","guid":{"rendered":"https:\/\/zonaroja.com.mx\/?p=74048"},"modified":"2024-11-01T17:35:07","modified_gmt":"2024-11-01T23:35:07","slug":"voto-diputado-pedro-haces-lider-de-catem-desde-estados-unidos","status":"publish","type":"post","link":"https:\/\/zonaroja.com.mx\/?p=74048","title":{"rendered":"\u00bfVot\u00f3 diputado Pedro Haces, l\u00edder de CATEM, desde Estados Unidos?"},"content":{"rendered":"\n<p>Redacci\u00f3n\/Zona Roja Cdmx.<\/p>\n\n\n\n<p>Ciudad de M\u00e9xico, a 1 de noviembre de 2024.- Pedro Haces Barba, coordinador de operaci\u00f3n pol\u00edtica de Morena y segundo del coordinador Ricardo Monreal \u00c1vila, reconoci\u00f3 que no asisti\u00f3 a la sesi\u00f3n del mi\u00e9rcoles donde se vot\u00f3 la reforma de la llamada \u201csupremac\u00eda constitucional\u201d, pero se neg\u00f3 a precisar si estaba en Nueva York, en el \u00faltimo juego de la Serie Mundial.<\/p>\n\n\n\n<p>\u201c\u00a1Que les diga el PAN si fui, que me lo demuestren!\u201d, exclam\u00f3 en una rueda de prensa. Luego de que el blanquiazul inform\u00f3 desde anoche que indaga c\u00f3mo apareci\u00f3 el voto de Haces Barba en el tablero electr\u00f3nico, sin que \u00e9l estuviera presente, solt\u00f3: \u201cEl PAN no es mi pap\u00e1 para andar viendo qu\u00e9 hago y qu\u00e9 no\u201d.<\/p>\n\n\n\n<p>Monreal \u00c1vila admiti\u00f3 que el mi\u00e9rcoles no vio durante todo el d\u00eda a Haces en el sal\u00f3n ni si vot\u00f3 o no, aun cuando sus curules son contiguas.<\/p>\n\n\n\n<p>Monreal dijo que Servicios Parlamentarios de la c\u00e1mara borrar\u00eda el voto en favor, que apareci\u00f3 anoche en la primera versi\u00f3n de la Gaceta Parlamentaria, al igual que en el tablero de votaci\u00f3n. En efecto, ya en la de hoy, fue borrado de los votos en favor y apareci\u00f3 en la de los ausentes.<\/p>\n\n\n\n<p>Diputados explicaron que el voto en las pantallas de las curules es biom\u00e9trico, es decir que \u00fanicamente la Mesa Directiva pudo autorizarle a votar a distancia en el lugar donde se encontraba, desde su tel\u00e9fono m\u00f3vil, que cuenta con la Aplicaci\u00f3n Port\u00e1til de Registro de Asistencia Remota (APRAV).<\/p>\n\n\n\n<p>Al tratarse de una reforma a la Constituci\u00f3n, ten\u00eda que asistir a la sesi\u00f3n.<\/p>\n\n\n\n<p>Esta tarde, el dirigente obrero se acerc\u00f3 al corral de reporteros, para dar su versi\u00f3n.<\/p>\n\n\n\n<p>-Diputado Haces\u2026<\/p>\n\n\n\n<p>-Pedro, d\u00edganme Pedro. Diputados hay muchos.<\/p>\n\n\n\n<p>-Que el PAN va a averiguar si estuvo presente en la sesi\u00f3n o no \u2013se le insisti\u00f3.<\/p>\n\n\n\n<p>-\u00bfQue estuve cu\u00e1ndo presente?<\/p>\n\n\n\n<p>-En la sesi\u00f3n de ayer.<\/p>\n\n\n\n<p>-No, ayer no estuve presente. Y el PAN no es mi pap\u00e1 para andar viendo qu\u00e9 hago y qu\u00e9 no hago.<\/p>\n\n\n\n<p>-\u00bfD\u00f3nde estaba? \u2013se le insisti\u00f3.<\/p>\n\n\n\n<p>-Trabajando donde hay que trabajar, recuerden que soy un dirigente nacional obrero. Tengo que recorrer todo el pa\u00eds.<\/p>\n\n\n\n<p>-\u00bfNo estuvo en la Serie Mundial?<\/p>\n\n\n\n<p>-Que lo averig\u00fce el PAN.<\/p>\n\n\n\n<p>-\u00bfVot\u00f3 ayer, diputado?<\/p>\n\n\n\n<p>-No, ayer no estuve aqu\u00ed.<\/p>\n\n\n\n<p>-Pero su voto apareci\u00f3 en el tablero.<\/p>\n\n\n\n<p>-No s\u00e9 por qu\u00e9.<\/p>\n\n\n\n<p>-\u00bfHabr\u00e1 fantasmas?<\/p>\n\n\n\n<p>-Pues s\u00ed, yo creo que s\u00ed es posible.<\/p>\n\n\n\n<p>Pedro haces afirm\u00f3 que no asisti\u00f3 a la sesi\u00f3n del mi\u00e9rcoles porque tuvo \u201cmucho trabajo\u201d y dijo que, en lo sucesivo, cuando tenga \u201ccosas que hacer por el bien de los trabajadores\u201d y tenga que ausentarse, pedir\u00e1 el descuento del d\u00eda. Ello le permitir\u00e1 acudir a atender las necesidades que tienen las y los trabajadores de M\u00e9xico, porque soy un dirigente de territorio, no soy de escritorio.<\/p>\n\n\n\n<p>Por lo tanto, tengo que trabajar arduamente diario por la gente\u201d.<\/p>\n\n\n\n<p>-\u00bfLa CATEM es binacional? \u2013se le pregunt\u00f3, por la agrupaci\u00f3n obrera que controla.<\/p>\n\n\n\n<p>-La CATEM tiene oficinas en Estados Unidos, es la \u00fanica central obrera con oficinas en Washington, acudimos cada a\u00f1o a la Organizaci\u00f3n Internacional del Trabajo a Ginebra, Suiza, tambi\u00e9n a muchos otros pa\u00edses a firmar convenios de colaboraci\u00f3n porque siempre he dicho que el bien aprender es el bien ense\u00f1ar.<\/p>\n\n\n\n<p>\u201cY hoy tenemos que copiar la modernidad de muchos lugares, para poderla poner aqu\u00ed, como la reforma laboral, que fue una modernidad. Era una verg\u00fcenza que el sindicalismo viejo de este pa\u00eds ten\u00eda 70 a\u00f1os congelado en el Senado el convenio 98 de la OIT y tuvimos que llegar nosotros, el sindicalismo moderno, a sacarlo de la congeladora y de ah\u00ed irlo a suscribir a la OIT, de ah\u00ed viene la reforma laboral, la modernidad.<\/p>\n\n\n\n<p>-\u00bfY las 40 horas no son modernas? \u2013se le pregunt\u00f3, por su oposici\u00f3n a aprobar la reducci\u00f3n de la semana laboral.<\/p>\n\n\n\n<p>-Las 40 horas en su momento vamos a platicar de ellas.<\/p>\n\n\n\n<p>La versi\u00f3n que el mi\u00e9rcoles corri\u00f3 en la C\u00e1mara de Diputados en los grupos parlamentarios del PAN e incluso de Morena, fue que Haces Barba estaba en el estadio de los Yankees de Nueva York.<\/p>\n\n\n\n<p>-\u00bfAndaba en el beis, diputado?<\/p>\n\n\n\n<p>-Eso dicen los del PAN, preg\u00fanteles.<\/p>\n\n\n\n<p>-\u00bfPero usted qu\u00e9 dice?<\/p>\n\n\n\n<p>-Yo trabajo diario en todos lados.<\/p>\n\n\n\n<p>-\u00bfPero andaba en el beis o no?<\/p>\n\n\n\n<p>-Mira, tengo la oportunidad de ir, gracias a Dios, adonde yo quiera ir. Esa es la vida.<\/p>\n\n\n\n<p>-\u00bfPero en un d\u00eda que se aprob\u00f3 esta reforma tan importante?<\/p>\n\n\n\n<p>-F\u00edjate que me doli\u00f3 mucho que se nos fuera Fernando Valenzuela, era mi amigo igual que Mike Brito, que se fue dos a\u00f1os antes. Tuve un equipo de b\u00e9isbol en la Liga Mexicana y ahora vamos con los Jaguares de Nayarit pr\u00f3ximamente y el 6 de se inaugura el estadio de Nayarit, no dejen de ir, M\u00e9xico-Cuba.<\/p>\n\n\n\n<p>-\u00bfEntonces s\u00ed fue a Nueva York?<\/p>\n\n\n\n<p>-No, no, no. Andaba trabajando.<\/p>\n\n\n\n<p>-\u00bfVali\u00f3 la pena ir al partido de b\u00e9isbol?<\/p>\n\n\n\n<p>-Que les diga el PAN si fui, que me lo demuestren. \u00a1Hasta luego, j\u00f3venes!<\/p>\n\n\n\n<p>(Informaci\u00f3n de \u201cLa Jornada\u201d)<\/p>\n","protected":false},"excerpt":{"rendered":"<p>Redacci\u00f3n\/Zona Roja Cdmx. Ciudad de M\u00e9xico, a 1 de noviembre de 2024.- Pedro Haces Barba,&hellip;<\/p>\n","protected":false},"author":2,"featured_media":74049,"comment_status":"closed","ping_status":"open","sticky":false,"template":"","format":"standard","meta":{"_lmt_disableupdate":"","_lmt_disable":"","_jetpack_memberships_contains_paid_content":false,"footnotes":""},"categories":[109,47],"tags":[1424],"class_list":["post-74048","post","type-post","status-publish","format-standard","has-post-thumbnail","hentry","category-minuto-a-minuto","category-zona-gris","tag-pedro-haces-barba"],"jetpack_featured_media_url":"https:\/\/zonaroja.com.mx\/wp-content\/uploads\/2024\/11\/pedro-haces-barba.jpg","jetpack_sharing_enabled":true,"_links":{"self":[{"href":"https:\/\/zonaroja.com.mx\/index.php?rest_route=\/wp\/v2\/posts\/74048","targetHints":{"allow":["GET"]}}],"collection":[{"href":"https:\/\/zonaroja.com.mx\/index.php?rest_route=\/wp\/v2\/posts"}],"about":[{"href":"https:\/\/zonaroja.com.mx\/index.php?rest_route=\/wp\/v2\/types\/post"}],"author":[{"embeddable":true,"href":"https:\/\/zonaroja.com.mx\/index.php?rest_route=\/wp\/v2\/users\/2"}],"replies":[{"embeddable":true,"href":"https:\/\/zonaroja.com.mx\/index.php?rest_route=%2Fwp%2Fv2%2Fcomments&post=74048"}],"version-history":[{"count":2,"href":"https:\/\/zonaroja.com.mx\/index.php?rest_route=\/wp\/v2\/posts\/74048\/revisions"}],"predecessor-version":[{"id":74051,"href":"https:\/\/zonaroja.com.mx\/index.php?rest_route=\/wp\/v2\/posts\/74048\/revisions\/74051"}],"wp:featuredmedia":[{"embeddable":true,"href":"https:\/\/zonaroja.com.mx\/index.php?rest_route=\/wp\/v2\/media\/74049"}],"wp:attachment":[{"href":"https:\/\/zonaroja.com.mx\/index.php?rest_route=%2Fwp%2Fv2%2Fmedia&parent=74048"}],"wp:term":[{"taxonomy":"category","embeddable":true,"href":"https:\/\/zonaroja.com.mx\/index.php?rest_route=%2Fwp%2Fv2%2Fcategories&post=74048"},{"taxonomy":"post_tag","embeddable":true,"href":"https:\/\/zonaroja.com.mx\/index.php?rest_route=%2Fwp%2Fv2%2Ftags&post=74048"}],"curies":[{"name":"wp","href":"https:\/\/api.w.org\/{rel}","templated":true}]}}