{"id":74058,"date":"2024-11-02T07:58:00","date_gmt":"2024-11-02T13:58:00","guid":{"rendered":"https:\/\/zonaroja.com.mx\/?p=74058"},"modified":"2024-11-02T06:35:26","modified_gmt":"2024-11-02T12:35:26","slug":"celebran-la-vida-en-la-capital-de-oaxaca-entre-disfraces-y-tradiciones","status":"publish","type":"post","link":"https:\/\/zonaroja.com.mx\/?p=74058","title":{"rendered":"Celebran la vida en la capital de Oaxaca entre disfraces y tradiciones\u00a0"},"content":{"rendered":"\n<p>Redacci\u00f3n\/Zona Roja.<\/p>\n\n\n\n<p>Oaxaca de Ju\u00e1rez, Oax., a 2 de noviembre de 2024.- Cay\u00f3 la noche sobre la Plaza de la Danza, envolviendo a la ciudadan\u00eda en un manto de misticismo y tradici\u00f3n.<\/p>\n\n\n\n<p>As\u00ed 30 figuras emergieron de entre la multitud, cada una \u00fanica en su esencia, como si hubieran llegado desde el Mictl\u00e1n &nbsp;para recordar a los vivos la importancia de sus ra\u00edces.<\/p>\n\n\n\n<p>Organizado por el ayuntamiento de Oaxaca de Ju\u00e1rez, a trav\u00e9s de la &nbsp;Secretar\u00eda de Fomento Tur\u00edstico, el tradicional concurso de disfraces se realiz\u00f3 como un homenaje por el D\u00eda de Muertos.&nbsp;<\/p>\n\n\n\n<p>Con el prop\u00f3sito de conquistar al jurado con su originalidad y creatividad, cada participante se entreg\u00f3 por completo vistiendo de catrinas, esp\u00edritus y figuras inspiradas en la muerte, mientras recorr\u00edan el escenario justo en medio de la plaza.<\/p>\n\n\n\n<p>El jurado, conformado por Fernando Rosales, Carlos Esp\u00edndola, y Andrea Rojas, se enfrent\u00f3 a una decisi\u00f3n compleja debido a tantos detalles y el esfuerzo plasmado en cada atuendo.<\/p>\n\n\n\n<p>Hubo quienes, con gran ingenio, elaboraron sus disfraces a partir de materiales reciclados, mientras que otros optaron por rendir tributo a sus seres queridos o representar con orgullo sus ra\u00edces oaxaque\u00f1as.&nbsp;<\/p>\n\n\n\n<p>Tambi\u00e9n recitaron versos, danzaron, y algunos incluso le robaron carcajadas al p\u00fablico, demostrando que el D\u00eda de Muertos es, sobre todo, una celebraci\u00f3n de la vida.<\/p>\n\n\n\n<p>El tercer lugar fue para Suli Eva Avenda\u00f1o Rosario, quien sorprendi\u00f3 al p\u00fablico con \u201cEl carruaje de la muerte\u201d. El segundo lugar lo obtuvo Cristal Guadalupe L\u00f3pez Aguilar, quien encarn\u00f3 a \u201cLa catrina de los artesanos,\u201d luciendo detalles que honraban el trabajo de quienes, con sus manos, dan vida a las tradiciones.<\/p>\n\n\n\n<p>Finalmente, el primer lugar fue concedido a Daniel Z\u00e1rate Z\u00e1rate, cuyo \u201cSereno de la Noche\u201d captur\u00f3 el esp\u00edritu nocturno de los difuntos y obteniendo as\u00ed los merecidos aplausos y el premio de 15 mil pesos.<\/p>\n\n\n\n<p>Mientras el eco de la m\u00fasica llenaba el aire y los \u00faltimos disfraces se desvanec\u00edan en la noche, el evento denot\u00f3 que para el ayuntamiento de Oaxaca de Ju\u00e1rez el D\u00eda de Muertos es m\u00e1s que una tradici\u00f3n, sino es un lazo que une a generaciones y una promesa de que \u201cOaxaca siempre vive, nunca muere\u201d.<\/p>\n","protected":false},"excerpt":{"rendered":"<p>Redacci\u00f3n\/Zona Roja. Oaxaca de Ju\u00e1rez, Oax., a 2 de noviembre de 2024.- Cay\u00f3 la noche&hellip;<\/p>\n","protected":false},"author":2,"featured_media":74059,"comment_status":"closed","ping_status":"open","sticky":false,"template":"","format":"standard","meta":{"_lmt_disableupdate":"","_lmt_disable":"","_jetpack_memberships_contains_paid_content":false,"footnotes":""},"categories":[109,46],"tags":[148],"class_list":["post-74058","post","type-post","status-publish","format-standard","has-post-thumbnail","hentry","category-minuto-a-minuto","category-zona-blanca","tag-oaxaca-de-juarez"],"jetpack_featured_media_url":"https:\/\/zonaroja.com.mx\/wp-content\/uploads\/2024\/11\/Concurso-de-disfraces-ciudad-de-Oaxaca.jpg","jetpack_sharing_enabled":true,"_links":{"self":[{"href":"https:\/\/zonaroja.com.mx\/index.php?rest_route=\/wp\/v2\/posts\/74058","targetHints":{"allow":["GET"]}}],"collection":[{"href":"https:\/\/zonaroja.com.mx\/index.php?rest_route=\/wp\/v2\/posts"}],"about":[{"href":"https:\/\/zonaroja.com.mx\/index.php?rest_route=\/wp\/v2\/types\/post"}],"author":[{"embeddable":true,"href":"https:\/\/zonaroja.com.mx\/index.php?rest_route=\/wp\/v2\/users\/2"}],"replies":[{"embeddable":true,"href":"https:\/\/zonaroja.com.mx\/index.php?rest_route=%2Fwp%2Fv2%2Fcomments&post=74058"}],"version-history":[{"count":1,"href":"https:\/\/zonaroja.com.mx\/index.php?rest_route=\/wp\/v2\/posts\/74058\/revisions"}],"predecessor-version":[{"id":74060,"href":"https:\/\/zonaroja.com.mx\/index.php?rest_route=\/wp\/v2\/posts\/74058\/revisions\/74060"}],"wp:featuredmedia":[{"embeddable":true,"href":"https:\/\/zonaroja.com.mx\/index.php?rest_route=\/wp\/v2\/media\/74059"}],"wp:attachment":[{"href":"https:\/\/zonaroja.com.mx\/index.php?rest_route=%2Fwp%2Fv2%2Fmedia&parent=74058"}],"wp:term":[{"taxonomy":"category","embeddable":true,"href":"https:\/\/zonaroja.com.mx\/index.php?rest_route=%2Fwp%2Fv2%2Fcategories&post=74058"},{"taxonomy":"post_tag","embeddable":true,"href":"https:\/\/zonaroja.com.mx\/index.php?rest_route=%2Fwp%2Fv2%2Ftags&post=74058"}],"curies":[{"name":"wp","href":"https:\/\/api.w.org\/{rel}","templated":true}]}}