{"id":74066,"date":"2024-11-02T10:00:00","date_gmt":"2024-11-02T16:00:00","guid":{"rendered":"https:\/\/zonaroja.com.mx\/?p=74066"},"modified":"2024-11-02T08:22:57","modified_gmt":"2024-11-02T14:22:57","slug":"urge-reporteros-sin-fronteras-esclarecer-crimenes-en-mexico","status":"publish","type":"post","link":"https:\/\/zonaroja.com.mx\/?p=74066","title":{"rendered":"Urge Reporteros Sin Fronteras esclarecer cr\u00edmenes en M\u00e9xico"},"content":{"rendered":"\n<p>Redacci\u00f3n\/Zona Roja Cdmx.<\/p>\n\n\n\n<p>Ciudad de M\u00e9xico, a 2 de noviembre de 2024.- La organizaci\u00f3n Reporteros Sin Fronteras (RSF) urgi\u00f3 a las autoridades mexicanas a pasar de las promesas a los hechos para garantizar la seguridad de los periodistas en M\u00e9xico, tras el asesinato, el pasado martes, del periodista Mauricio Cruz Sol\u00eds, en Michoac\u00e1n.<\/p>\n\n\n\n<p>Cruz Sol\u00eds fue asesinado a balazos en el centro del municipio de Uruapan, tras realizar una entrevista en vivo con el alcalde Carlos Manzo sobre el incendio por causas desconocidas de 66 locales del mercado Tariacuri.<\/p>\n\n\n\n<p>En el marco del D\u00eda mundial para poner fin a la impunidad de los cr\u00edmenes contra periodistas, que se celebra el 2 de noviembre, RSF indic\u00f3 en un comunicado que se encuentra en M\u00e9xico, donde \u201cha intensificado sus intercambios con las autoridades\u201d en relaci\u00f3n con los compromisos hechos por la presidenta Claudia Sheinbaum durante su campa\u00f1a electoral en defensa de los periodistas.<\/p>\n\n\n\n<p>La ONG record\u00f3 que una de las principales promesas que Sheinbaum hizo a RSF \u201cfue intensificar la lucha contra la impunidad de los cr\u00edmenes cometidos contra periodistas\u201d, en particular mejorando la coordinaci\u00f3n con el ministerio p\u00fablico para garantizar investigaciones eficaces de los asesinatos y desapariciones de miembros de la prensa.<\/p>\n\n\n\n<p>Para avanzar en el tema, RSF se reuni\u00f3 esta semana con varios fiscales, entre ellos Sara Irene Herrer\u00edas, titular de la Fiscal\u00eda Especializada en Materia de Derechos Humanos (Femdh), y Ricardo S\u00e1nchez P\u00e9rez del Pozo, titular de la Fiscal\u00eda Especial para la Atenci\u00f3n de Delitos Cometidos contra la Libertad de Expresi\u00f3n (Feadle).<\/p>\n\n\n\n<p>La ONG explic\u00f3 que los debates se centraron en las estrategias para avanzar en las investigaciones, en particular en los casos de periodistas desaparecidos que entran dentro del mandato de la Feadle, y en la necesidad de una mayor colaboraci\u00f3n con las fiscal\u00edas estatales del pa\u00eds.<\/p>\n\n\n\n<p>Adem\u00e1s, se trat\u00f3 el reciente asesinato de Cruz Sol\u00eds, de 25 a\u00f1os, quien era director del portal informativo \u2018Minuto x Minuto\u2019, conduc\u00eda el noticiero Enlace Informativo, de la estaci\u00f3n Radiorama, y fue reportero de los diarios ABC y La Opini\u00f3n, ambos de Michoac\u00e1n.<\/p>\n\n\n\n<p>El periodista hab\u00eda advertido en varias transmisiones de que, debido a su labor period\u00edstica, hab\u00eda sufrido incidentes de seguridad que fueron reportados a las autoridades.<\/p>\n\n\n\n<p>El crimen de Cruz Sol\u00eds es el quinto registrado este a\u00f1o en M\u00e9xico y se suma a los de los periodistas Alejandro Mart\u00ednez Noguez, el 4 de agosto, en Guanajuato; Luis Fernando Cosgaya Herrera, el 14 de agosto, en Estado de M\u00e9xico; V\u00edctor Alfonso Culebro Morales, el 28 de junio, en Chiapas, y Roberto Carlos Figueroa Bustos, el 26 de abril, en Morelos, seg\u00fan el registro de ONU-DH.<\/p>\n\n\n\n<p>\u201cLa lucha contra la impunidad de los cr\u00edmenes cometidos contra periodistas y el fortalecimiento de las pol\u00edticas de protecci\u00f3n deben ir de la mano si queremos hacer frente con eficacia a la crisis de violencia que amenaza cada d\u00eda la libertad de prensa en M\u00e9xico\u201d, cit\u00f3 en el comunicado Artur Romeu, director de la oficina de RSF en Am\u00e9rica Latina.<\/p>\n\n\n\n<p>La organizaci\u00f3n Art\u00edculo 19 denunci\u00f3 que desde diciembre de 2018, cuando inici\u00f3 la presidencia de Andr\u00e9s Manuel L\u00f3pez Obrador (2018-2024), han asesinado en el pa\u00eds a 47 comunicadores por su labor, mismo n\u00famero que en el gobierno de Enrique Pe\u00f1a Nieto (2012-2018).<\/p>\n\n\n\n<p>(Con informaci\u00f3n de EFE, en L\u00f3pez-D\u00f3riga Digital)<\/p>\n","protected":false},"excerpt":{"rendered":"<p>Redacci\u00f3n\/Zona Roja Cdmx. Ciudad de M\u00e9xico, a 2 de noviembre de 2024.- La organizaci\u00f3n Reporteros&hellip;<\/p>\n","protected":false},"author":2,"featured_media":64021,"comment_status":"closed","ping_status":"open","sticky":false,"template":"","format":"standard","meta":{"_lmt_disableupdate":"","_lmt_disable":"","_jetpack_memberships_contains_paid_content":false,"footnotes":""},"categories":[109,47],"tags":[4103],"class_list":["post-74066","post","type-post","status-publish","format-standard","has-post-thumbnail","hentry","category-minuto-a-minuto","category-zona-gris","tag-reporteros-sin-fronteras-rsf"],"jetpack_featured_media_url":"https:\/\/zonaroja.com.mx\/wp-content\/uploads\/2024\/01\/Periodismo-periodista-reporteros.jpg","jetpack_sharing_enabled":true,"_links":{"self":[{"href":"https:\/\/zonaroja.com.mx\/index.php?rest_route=\/wp\/v2\/posts\/74066","targetHints":{"allow":["GET"]}}],"collection":[{"href":"https:\/\/zonaroja.com.mx\/index.php?rest_route=\/wp\/v2\/posts"}],"about":[{"href":"https:\/\/zonaroja.com.mx\/index.php?rest_route=\/wp\/v2\/types\/post"}],"author":[{"embeddable":true,"href":"https:\/\/zonaroja.com.mx\/index.php?rest_route=\/wp\/v2\/users\/2"}],"replies":[{"embeddable":true,"href":"https:\/\/zonaroja.com.mx\/index.php?rest_route=%2Fwp%2Fv2%2Fcomments&post=74066"}],"version-history":[{"count":1,"href":"https:\/\/zonaroja.com.mx\/index.php?rest_route=\/wp\/v2\/posts\/74066\/revisions"}],"predecessor-version":[{"id":74067,"href":"https:\/\/zonaroja.com.mx\/index.php?rest_route=\/wp\/v2\/posts\/74066\/revisions\/74067"}],"wp:featuredmedia":[{"embeddable":true,"href":"https:\/\/zonaroja.com.mx\/index.php?rest_route=\/wp\/v2\/media\/64021"}],"wp:attachment":[{"href":"https:\/\/zonaroja.com.mx\/index.php?rest_route=%2Fwp%2Fv2%2Fmedia&parent=74066"}],"wp:term":[{"taxonomy":"category","embeddable":true,"href":"https:\/\/zonaroja.com.mx\/index.php?rest_route=%2Fwp%2Fv2%2Fcategories&post=74066"},{"taxonomy":"post_tag","embeddable":true,"href":"https:\/\/zonaroja.com.mx\/index.php?rest_route=%2Fwp%2Fv2%2Ftags&post=74066"}],"curies":[{"name":"wp","href":"https:\/\/api.w.org\/{rel}","templated":true}]}}